{"id":1321,"date":"2023-05-13T16:12:10","date_gmt":"2023-05-13T16:12:10","guid":{"rendered":"https:\/\/mycabanascomestrue.com\/?p=1321"},"modified":"2023-06-03T15:26:52","modified_gmt":"2023-06-03T15:26:52","slug":"construction-de-la-premiere-cabane-insolite-la-embera","status":"publish","type":"post","link":"https:\/\/mycabanascomestrue.com\/index.php\/2023\/05\/13\/construction-de-la-premiere-cabane-insolite-la-embera\/","title":{"rendered":"Construction de la premi\u00e8re cabane insolite : La Ember\u00e1"},"content":{"rendered":"\n<h2 class=\"wp-block-heading\">Construction de la premi\u00e8re cabane insolite : La Ember\u00e1<\/h2>\n\n\n\n<p><em>Voici un retour sur la construction de notre premi\u00e8re cabane insolite. C&#8217;est \u00e9trange de se replonger dans les photos et de voir la cabane sortir de terre petit \u00e0 petit. Alors oui, certains diront que nous aurions pu aller plus vite mais nous ne voulions pas nous mettre la pression, ni mettre la pression aux personnes qui travaillaient avec nous. Elle s&#8217;est construite au rythme panam\u00e9en, cette cabane ! Et nous sommes plut\u00f4t fiers du r\u00e9sultat.<\/em><\/p>\n\n\n\n<p><span style=\"text-decoration: underline;\">Description de la cabane<\/span><\/p>\n\n\n\n<ul class=\"wp-block-list\">\n<li>Structure en bois<\/li>\n\n\n\n<li>Toit en palmes<\/li>\n\n\n\n<li>Fondation en b\u00e9ton arm\u00e9<\/li>\n\n\n\n<li>Mur en parpaings<\/li>\n\n\n\n<li>Dalle b\u00e9ton teint\u00e9e dans la masse<\/li>\n\n\n\n<li>Enduit ciment et peinture<\/li>\n\n\n\n<li>Huisserie en aluminium<\/li>\n\n\n\n<li>Raccordement au r\u00e9seau communal pour l&#8217;eau et l&#8217;\u00e9lectricit\u00e9<\/li>\n\n\n\n<li>Fosse septique<\/li>\n<\/ul>\n\n\n\n<div style=\"height:50px\" aria-hidden=\"true\" class=\"wp-block-spacer\"><\/div>\n\n\n\n<p class=\"has-text-align-center\"><strong>STRUCTURE EN BOIS ET TOIT EN PALMES<\/strong><\/p>\n\n\n\n<p class=\"has-text-align-center\"><em>Phase r\u00e9alis\u00e9e par une \u00e9quipe locale.<\/em><\/p>\n\n\n\n<p>Je voulais que cette cabane ressemble aux maisons des tribus indig\u00e8nes panam\u00e9ennes. Mes seules exigences \u00e9taient qu&#8217;elle soit ronde et que son toit soit en palmes, comme sur l&#8217;exemple ci-dessous.<\/p>\n\n\n<div class=\"wp-block-image\">\n<figure class=\"aligncenter size-full\"><img loading=\"lazy\" decoding=\"async\" width=\"620\" height=\"350\" src=\"https:\/\/mycabanascomestrue.com\/wp-content\/uploads\/2023\/05\/maison-indigene-panama-1.jpg\" alt=\"\" class=\"wp-image-1327\" srcset=\"https:\/\/mycabanascomestrue.com\/wp-content\/uploads\/2023\/05\/maison-indigene-panama-1.jpg 620w, https:\/\/mycabanascomestrue.com\/wp-content\/uploads\/2023\/05\/maison-indigene-panama-1-300x169.jpg 300w\" sizes=\"auto, (max-width: 620px) 100vw, 620px\" \/><figcaption class=\"wp-element-caption\">Photo issue de https:\/\/maison-monde.com\/maisons-indigenes-panama\/<\/figcaption><\/figure>\n<\/div>\n\n\n<p>En discutant avec les locaux, on nous explique que la &#8220;palma real&#8221; que l&#8217;on trouve dans la province du Veraguas n&#8217;est pas adapt\u00e9e pour un toit rond. La seule palme adapt\u00e9e pour un toit rond se situe dans la province du Dari\u00e9n.<\/p>\n\n\n\n<p>Le hasard fait bien les choses ! Un midi en mangeant dans une fonda, on d\u00e9couvre un beau rancho (photos ci-dessous). La propri\u00e9taire nous explique que les palmes sont particuli\u00e8res car elles viennent du Dari\u00e9n et que c&#8217;est son fr\u00e8re qui habite l\u00e0-bas qui a construit ce rancho. Bingo ! Dans la minute suivante, nous avions les coordonn\u00e9es de son fr\u00e8re.<\/p>\n\n\n\n<figure class=\"wp-block-gallery has-nested-images columns-default is-cropped wp-block-gallery-1 is-layout-flex wp-block-gallery-is-layout-flex\">\n<figure class=\"wp-block-image size-large\"><img loading=\"lazy\" decoding=\"async\" width=\"866\" height=\"1024\" data-id=\"1330\" src=\"https:\/\/mycabanascomestrue.com\/wp-content\/uploads\/2023\/05\/20220809_135620-1-866x1024.jpg\" alt=\"\" class=\"wp-image-1330\" srcset=\"https:\/\/mycabanascomestrue.com\/wp-content\/uploads\/2023\/05\/20220809_135620-1-866x1024.jpg 866w, https:\/\/mycabanascomestrue.com\/wp-content\/uploads\/2023\/05\/20220809_135620-1-254x300.jpg 254w, https:\/\/mycabanascomestrue.com\/wp-content\/uploads\/2023\/05\/20220809_135620-1-768x909.jpg 768w, https:\/\/mycabanascomestrue.com\/wp-content\/uploads\/2023\/05\/20220809_135620-1-1298x1536.jpg 1298w, https:\/\/mycabanascomestrue.com\/wp-content\/uploads\/2023\/05\/20220809_135620-1-1731x2048.jpg 1731w, https:\/\/mycabanascomestrue.com\/wp-content\/uploads\/2023\/05\/20220809_135620-1.jpg 1896w\" sizes=\"auto, (max-width: 866px) 100vw, 866px\" \/><\/figure>\n\n\n\n<figure class=\"wp-block-image size-large\"><img loading=\"lazy\" decoding=\"async\" width=\"1024\" height=\"485\" data-id=\"1329\" src=\"https:\/\/mycabanascomestrue.com\/wp-content\/uploads\/2023\/05\/20220809_135704-1024x485.jpg\" alt=\"\" class=\"wp-image-1329\" srcset=\"https:\/\/mycabanascomestrue.com\/wp-content\/uploads\/2023\/05\/20220809_135704-1024x485.jpg 1024w, https:\/\/mycabanascomestrue.com\/wp-content\/uploads\/2023\/05\/20220809_135704-300x142.jpg 300w, https:\/\/mycabanascomestrue.com\/wp-content\/uploads\/2023\/05\/20220809_135704-768x363.jpg 768w, https:\/\/mycabanascomestrue.com\/wp-content\/uploads\/2023\/05\/20220809_135704-1536x727.jpg 1536w, https:\/\/mycabanascomestrue.com\/wp-content\/uploads\/2023\/05\/20220809_135704-2048x969.jpg 2048w\" sizes=\"auto, (max-width: 1024px) 100vw, 1024px\" \/><\/figure>\n<\/figure>\n\n\n\n<p class=\"has-text-align-center\"><em>Rancho de la fonda &#8220;Delicias de Mireyita&#8221;<\/em><\/p>\n\n\n\n<p>Mi-ao\u00fbt 2022, l&#8217;\u00e9quipe de Yoni d\u00e9barque sur le terrain. Le terrain \u00e9tant en pente, la premi\u00e8re \u00e9tape pour eux a \u00e9t\u00e9 de d\u00e9caisser le terrain sur 7 m\u00e8tres de diam\u00e8tre et 1,20 m\u00e8tres de haut. Pas question d&#8217;utiliser de machine pour ne pas fragiliser la pente et pour faire un arrondi bien pr\u00e9cis. Les gars (3 personnes) ont donc boss\u00e9 avec le coa, le pala coa et le pico pendant 4 jours et le r\u00e9sultat est bluffant.<\/p>\n\n\n\n<figure class=\"wp-block-gallery has-nested-images columns-default is-cropped wp-block-gallery-2 is-layout-flex wp-block-gallery-is-layout-flex\">\n<figure class=\"wp-block-image size-large\"><img loading=\"lazy\" decoding=\"async\" width=\"1024\" height=\"485\" data-id=\"1333\" src=\"https:\/\/mycabanascomestrue.com\/wp-content\/uploads\/2023\/05\/20220816_085230-1024x485.jpg\" alt=\"\" class=\"wp-image-1333\" srcset=\"https:\/\/mycabanascomestrue.com\/wp-content\/uploads\/2023\/05\/20220816_085230-1024x485.jpg 1024w, https:\/\/mycabanascomestrue.com\/wp-content\/uploads\/2023\/05\/20220816_085230-300x142.jpg 300w, https:\/\/mycabanascomestrue.com\/wp-content\/uploads\/2023\/05\/20220816_085230-768x364.jpg 768w, https:\/\/mycabanascomestrue.com\/wp-content\/uploads\/2023\/05\/20220816_085230-1536x728.jpg 1536w, https:\/\/mycabanascomestrue.com\/wp-content\/uploads\/2023\/05\/20220816_085230-2048x971.jpg 2048w\" sizes=\"auto, (max-width: 1024px) 100vw, 1024px\" \/><\/figure>\n\n\n\n<figure class=\"wp-block-image size-large\"><img loading=\"lazy\" decoding=\"async\" width=\"1024\" height=\"485\" data-id=\"1334\" src=\"https:\/\/mycabanascomestrue.com\/wp-content\/uploads\/2023\/05\/20220816_184035-1024x485.jpg\" alt=\"\" class=\"wp-image-1334\" srcset=\"https:\/\/mycabanascomestrue.com\/wp-content\/uploads\/2023\/05\/20220816_184035-1024x485.jpg 1024w, https:\/\/mycabanascomestrue.com\/wp-content\/uploads\/2023\/05\/20220816_184035-300x142.jpg 300w, https:\/\/mycabanascomestrue.com\/wp-content\/uploads\/2023\/05\/20220816_184035-768x363.jpg 768w, https:\/\/mycabanascomestrue.com\/wp-content\/uploads\/2023\/05\/20220816_184035-1536x727.jpg 1536w, https:\/\/mycabanascomestrue.com\/wp-content\/uploads\/2023\/05\/20220816_184035-2048x969.jpg 2048w\" sizes=\"auto, (max-width: 1024px) 100vw, 1024px\" \/><\/figure>\n\n\n\n<figure class=\"wp-block-image size-large\"><img loading=\"lazy\" decoding=\"async\" width=\"1024\" height=\"485\" data-id=\"1335\" src=\"https:\/\/mycabanascomestrue.com\/wp-content\/uploads\/2023\/05\/20220822_092902-1024x485.jpg\" alt=\"\" class=\"wp-image-1335\" srcset=\"https:\/\/mycabanascomestrue.com\/wp-content\/uploads\/2023\/05\/20220822_092902-1024x485.jpg 1024w, https:\/\/mycabanascomestrue.com\/wp-content\/uploads\/2023\/05\/20220822_092902-300x142.jpg 300w, https:\/\/mycabanascomestrue.com\/wp-content\/uploads\/2023\/05\/20220822_092902-768x363.jpg 768w, https:\/\/mycabanascomestrue.com\/wp-content\/uploads\/2023\/05\/20220822_092902-1536x727.jpg 1536w, https:\/\/mycabanascomestrue.com\/wp-content\/uploads\/2023\/05\/20220822_092902-2048x969.jpg 2048w\" sizes=\"auto, (max-width: 1024px) 100vw, 1024px\" \/><\/figure>\n<\/figure>\n\n\n\n<div style=\"height:10px\" aria-hidden=\"true\" class=\"wp-block-spacer\"><\/div>\n\n\n\n<p>Ils ont ensuite positionn\u00e9 les 6 poteaux qui supportent le toit, en prenant soin de prot\u00e9ger de l&#8217;humidit\u00e9 la partie immerg\u00e9e dans la terre. Le bois utilis\u00e9 provient d&#8217;une scierie locale. Il s&#8217;agit de c\u00e8dre amer, un bois robuste qui d\u00e9gage une odeur particuli\u00e8re emp\u00eachant les attaques d&#8217;insectes, tels que les termites.<\/p>\n\n\n\n<figure class=\"wp-block-gallery has-nested-images columns-default is-cropped wp-block-gallery-3 is-layout-flex wp-block-gallery-is-layout-flex\">\n<figure class=\"wp-block-image size-large\"><img loading=\"lazy\" decoding=\"async\" width=\"1024\" height=\"484\" data-id=\"1336\" src=\"https:\/\/mycabanascomestrue.com\/wp-content\/uploads\/2023\/05\/IMG-20220823-WA0000-1024x484.jpg\" alt=\"\" class=\"wp-image-1336\" srcset=\"https:\/\/mycabanascomestrue.com\/wp-content\/uploads\/2023\/05\/IMG-20220823-WA0000-1024x484.jpg 1024w, https:\/\/mycabanascomestrue.com\/wp-content\/uploads\/2023\/05\/IMG-20220823-WA0000-300x142.jpg 300w, https:\/\/mycabanascomestrue.com\/wp-content\/uploads\/2023\/05\/IMG-20220823-WA0000-768x363.jpg 768w, https:\/\/mycabanascomestrue.com\/wp-content\/uploads\/2023\/05\/IMG-20220823-WA0000-1536x727.jpg 1536w, https:\/\/mycabanascomestrue.com\/wp-content\/uploads\/2023\/05\/IMG-20220823-WA0000.jpg 1600w\" sizes=\"auto, (max-width: 1024px) 100vw, 1024px\" \/><\/figure>\n<\/figure>\n\n\n\n<div style=\"height:10px\" aria-hidden=\"true\" class=\"wp-block-spacer\"><\/div>\n\n\n\n<p>Gr\u00e2ce \u00e0 un guide en bois, (sur lequel ils ont positionn\u00e9 une cl\u00e9 de voute fabriqu\u00e9e sur place en partant d&#8217;un cube de bois,) ils ont mont\u00e9 les longerons puis les traverses qui supportent les palmes. Je suis encore impressionn\u00e9e de leur travail sur la cl\u00e9 de voute, un vrai travail de pr\u00e9cision r\u00e9alis\u00e9 manuellement. Je peux vous dire que c&#8217;est du solide !<\/p>\n\n\n\n<figure class=\"wp-block-gallery has-nested-images columns-default is-cropped wp-block-gallery-4 is-layout-flex wp-block-gallery-is-layout-flex\">\n<figure class=\"wp-block-image size-large\"><img loading=\"lazy\" decoding=\"async\" width=\"899\" height=\"1024\" data-id=\"1341\" src=\"https:\/\/mycabanascomestrue.com\/wp-content\/uploads\/2023\/05\/20220823_172448-1-899x1024.jpg\" alt=\"\" class=\"wp-image-1341\" srcset=\"https:\/\/mycabanascomestrue.com\/wp-content\/uploads\/2023\/05\/20220823_172448-1-899x1024.jpg 899w, https:\/\/mycabanascomestrue.com\/wp-content\/uploads\/2023\/05\/20220823_172448-1-263x300.jpg 263w, https:\/\/mycabanascomestrue.com\/wp-content\/uploads\/2023\/05\/20220823_172448-1-768x875.jpg 768w, https:\/\/mycabanascomestrue.com\/wp-content\/uploads\/2023\/05\/20220823_172448-1-1348x1536.jpg 1348w, https:\/\/mycabanascomestrue.com\/wp-content\/uploads\/2023\/05\/20220823_172448-1-1797x2048.jpg 1797w, https:\/\/mycabanascomestrue.com\/wp-content\/uploads\/2023\/05\/20220823_172448-1.jpg 1899w\" sizes=\"auto, (max-width: 899px) 100vw, 899px\" \/><\/figure>\n\n\n\n<figure class=\"wp-block-image size-large\"><img loading=\"lazy\" decoding=\"async\" width=\"819\" height=\"1024\" data-id=\"1342\" src=\"https:\/\/mycabanascomestrue.com\/wp-content\/uploads\/2023\/05\/20220824_142824-1-819x1024.jpg\" alt=\"\" class=\"wp-image-1342\" srcset=\"https:\/\/mycabanascomestrue.com\/wp-content\/uploads\/2023\/05\/20220824_142824-1-819x1024.jpg 819w, https:\/\/mycabanascomestrue.com\/wp-content\/uploads\/2023\/05\/20220824_142824-1-240x300.jpg 240w, https:\/\/mycabanascomestrue.com\/wp-content\/uploads\/2023\/05\/20220824_142824-1-768x961.jpg 768w, https:\/\/mycabanascomestrue.com\/wp-content\/uploads\/2023\/05\/20220824_142824-1-1228x1536.jpg 1228w, https:\/\/mycabanascomestrue.com\/wp-content\/uploads\/2023\/05\/20220824_142824-1-1637x2048.jpg 1637w, https:\/\/mycabanascomestrue.com\/wp-content\/uploads\/2023\/05\/20220824_142824-1.jpg 1733w\" sizes=\"auto, (max-width: 819px) 100vw, 819px\" \/><\/figure>\n<\/figure>\n\n\n\n<div style=\"height:10px\" aria-hidden=\"true\" class=\"wp-block-spacer\"><\/div>\n\n\n\n<figure class=\"wp-block-image size-large\"><img loading=\"lazy\" decoding=\"async\" width=\"1024\" height=\"485\" src=\"https:\/\/mycabanascomestrue.com\/wp-content\/uploads\/2023\/05\/20220825_174547-1024x485.jpg\" alt=\"\" class=\"wp-image-1339\" srcset=\"https:\/\/mycabanascomestrue.com\/wp-content\/uploads\/2023\/05\/20220825_174547-1024x485.jpg 1024w, https:\/\/mycabanascomestrue.com\/wp-content\/uploads\/2023\/05\/20220825_174547-300x142.jpg 300w, https:\/\/mycabanascomestrue.com\/wp-content\/uploads\/2023\/05\/20220825_174547-768x363.jpg 768w, https:\/\/mycabanascomestrue.com\/wp-content\/uploads\/2023\/05\/20220825_174547-1536x727.jpg 1536w, https:\/\/mycabanascomestrue.com\/wp-content\/uploads\/2023\/05\/20220825_174547-2048x969.jpg 2048w\" sizes=\"auto, (max-width: 1024px) 100vw, 1024px\" \/><\/figure>\n\n\n\n<div style=\"height:10px\" aria-hidden=\"true\" class=\"wp-block-spacer\"><\/div>\n\n\n\n<p>Bonne synchronisation ! La structure en bois termin\u00e9e, Yoni est arriv\u00e9 avec les palmes du Dari\u00e9n. La pose est tr\u00e8s technique mais en gros, on divise la palme en 3 sans la casser, on passe 1 au dessus, 1 en dessous, 1 au dessus de la traverse&#8230; on frappe au maillet pour bien imbriquer la palme. On fait de m\u00eame avec la suivante en faisant attention \u00e0 d\u00e9marrer sous la pr\u00e9c\u00e9dente et ainsi de suite avec chaque palme. Bon comme \u00e7a, \u00e7a parait simple mais en fait pas du tout car l&#8217;objectif est quand m\u00eame que l&#8217;eau ne s&#8217;infiltre pas !!!<\/p>\n\n\n\n<figure class=\"wp-block-gallery has-nested-images columns-default is-cropped wp-block-gallery-5 is-layout-flex wp-block-gallery-is-layout-flex\">\n<figure class=\"wp-block-image size-large\"><img loading=\"lazy\" decoding=\"async\" width=\"1024\" height=\"851\" data-id=\"1348\" src=\"https:\/\/mycabanascomestrue.com\/wp-content\/uploads\/2023\/05\/20220826_080536-1024x851.jpg\" alt=\"\" class=\"wp-image-1348\" srcset=\"https:\/\/mycabanascomestrue.com\/wp-content\/uploads\/2023\/05\/20220826_080536-1024x851.jpg 1024w, https:\/\/mycabanascomestrue.com\/wp-content\/uploads\/2023\/05\/20220826_080536-300x249.jpg 300w, https:\/\/mycabanascomestrue.com\/wp-content\/uploads\/2023\/05\/20220826_080536-768x638.jpg 768w, https:\/\/mycabanascomestrue.com\/wp-content\/uploads\/2023\/05\/20220826_080536-1536x1276.jpg 1536w, https:\/\/mycabanascomestrue.com\/wp-content\/uploads\/2023\/05\/20220826_080536-2048x1701.jpg 2048w\" sizes=\"auto, (max-width: 1024px) 100vw, 1024px\" \/><\/figure>\n\n\n\n<figure class=\"wp-block-image size-large\"><img loading=\"lazy\" decoding=\"async\" width=\"1024\" height=\"1021\" data-id=\"1349\" src=\"https:\/\/mycabanascomestrue.com\/wp-content\/uploads\/2023\/05\/20220826_163424-1024x1021.jpg\" alt=\"\" class=\"wp-image-1349\" srcset=\"https:\/\/mycabanascomestrue.com\/wp-content\/uploads\/2023\/05\/20220826_163424-1024x1021.jpg 1024w, https:\/\/mycabanascomestrue.com\/wp-content\/uploads\/2023\/05\/20220826_163424-300x300.jpg 300w, https:\/\/mycabanascomestrue.com\/wp-content\/uploads\/2023\/05\/20220826_163424-150x150.jpg 150w, https:\/\/mycabanascomestrue.com\/wp-content\/uploads\/2023\/05\/20220826_163424-768x766.jpg 768w, https:\/\/mycabanascomestrue.com\/wp-content\/uploads\/2023\/05\/20220826_163424-1536x1532.jpg 1536w, https:\/\/mycabanascomestrue.com\/wp-content\/uploads\/2023\/05\/20220826_163424.jpg 1893w\" sizes=\"auto, (max-width: 1024px) 100vw, 1024px\" \/><\/figure>\n\n\n\n<figure class=\"wp-block-image size-large\"><img loading=\"lazy\" decoding=\"async\" width=\"794\" height=\"1024\" data-id=\"1347\" src=\"https:\/\/mycabanascomestrue.com\/wp-content\/uploads\/2023\/05\/Screenshot_20230513_132134_Gallery-794x1024.jpg\" alt=\"\" class=\"wp-image-1347\" srcset=\"https:\/\/mycabanascomestrue.com\/wp-content\/uploads\/2023\/05\/Screenshot_20230513_132134_Gallery-794x1024.jpg 794w, https:\/\/mycabanascomestrue.com\/wp-content\/uploads\/2023\/05\/Screenshot_20230513_132134_Gallery-233x300.jpg 233w, https:\/\/mycabanascomestrue.com\/wp-content\/uploads\/2023\/05\/Screenshot_20230513_132134_Gallery-768x990.jpg 768w, https:\/\/mycabanascomestrue.com\/wp-content\/uploads\/2023\/05\/Screenshot_20230513_132134_Gallery.jpg 1079w\" sizes=\"auto, (max-width: 794px) 100vw, 794px\" \/><\/figure>\n<\/figure>\n\n\n\n<div style=\"height:10px\" aria-hidden=\"true\" class=\"wp-block-spacer\"><\/div>\n\n\n\n<p>Lorsque la palme arrive, elle est fra\u00eeche, donc verte. Il lui faudra une semaine pour s\u00e9cher et donc griser.<\/p>\n\n\n\n<p>Pour \u00e9viter les infestations d&#8217;insectes et autres b\u00eates dans les palmes, il faut les traiter. Nous avons utilis\u00e9 pleins de produits que j&#8217;adore ! Un m\u00e9lange de kangaru (contre les serpents), pentadrin (contre les termites) et arimac (insecticides). Ce traitement est \u00e0 r\u00e9aliser au moins 2 fois par an.<br>[Traitement \u00e0 r\u00e9aliser avec les \u00e9quipements de protection individuels adapt\u00e9s : masque, gants, lunettes, tablier.]<\/p>\n\n\n\n<div style=\"height:15px\" aria-hidden=\"true\" class=\"wp-block-spacer\"><\/div>\n\n\n\n<p><span style=\"text-decoration: underline;\">Correctifs<\/span><\/p>\n\n\n\n<ul class=\"wp-block-list\">\n<li>En octobre, au plus fort de la saison des pluies, nous avons eu quelques infiltrations. A notre demande, Yoni a pos\u00e9 des palmes suppl\u00e9mentaires pour combler les espaces.<\/li>\n\n\n\n<li>En janvier, nous avons eu une longue p\u00e9riode de vents forts. Nous avons donc acheter un grand filet aux p\u00eacheurs du port de Palo Seco et l&#8217;avons fait poser sur l&#8217;ensemble de la toiture. Nous avons choisi un filet en coton vert qui sera plus r\u00e9sistant (rayon UV, humidit\u00e9&#8230;) dans le temps.<\/li>\n\n\n\n<li>2 jours apr\u00e8s la mise en service de la cabane, il y a eu la premi\u00e8re grosse pluie de la saison. Le crash test a \u00e9t\u00e9 plut\u00f4t r\u00e9ussi et nous avons constat\u00e9 seulement quelques gouttelettes sur le lit. Ce probl\u00e8me a \u00e9t\u00e9 r\u00e9gl\u00e9 faisant poser une toile imperm\u00e9able sur la cime du toit, entre le filet et les palmes.<\/li>\n<\/ul>\n\n\n\n<div style=\"height:15px\" aria-hidden=\"true\" class=\"wp-block-spacer\"><\/div>\n\n\n<div class=\"wp-block-image\">\n<figure class=\"aligncenter size-large is-resized\"><img loading=\"lazy\" decoding=\"async\" src=\"https:\/\/mycabanascomestrue.com\/wp-content\/uploads\/2023\/06\/20230422_123327-1024x1024.jpg\" alt=\"\" class=\"wp-image-1477\" width=\"512\" height=\"512\" srcset=\"https:\/\/mycabanascomestrue.com\/wp-content\/uploads\/2023\/06\/20230422_123327-1024x1024.jpg 1024w, https:\/\/mycabanascomestrue.com\/wp-content\/uploads\/2023\/06\/20230422_123327-300x300.jpg 300w, https:\/\/mycabanascomestrue.com\/wp-content\/uploads\/2023\/06\/20230422_123327-150x150.jpg 150w, https:\/\/mycabanascomestrue.com\/wp-content\/uploads\/2023\/06\/20230422_123327-768x768.jpg 768w, https:\/\/mycabanascomestrue.com\/wp-content\/uploads\/2023\/06\/20230422_123327-1536x1536.jpg 1536w, https:\/\/mycabanascomestrue.com\/wp-content\/uploads\/2023\/06\/20230422_123327-2048x2048.jpg 2048w\" sizes=\"auto, (max-width: 512px) 100vw, 512px\" \/><figcaption class=\"wp-element-caption\">Les clients peuvent admirer la voute depuis le lit !<\/figcaption><\/figure>\n<\/div>\n\n\n<div style=\"height:10px\" aria-hidden=\"true\" class=\"wp-block-spacer\"><\/div>\n\n\n\n<p><span style=\"text-decoration: underline;\">Co\u00fbt et dur\u00e9e<\/span><\/p>\n\n\n\n<p>4 000 $ tout compris + 310$ pour les corrections.<br>12 jours pour le chantier principal + 1 jour pour l&#8217;ensemble des corrections.<\/p>\n\n\n\n<div style=\"height:50px\" aria-hidden=\"true\" class=\"wp-block-spacer\"><\/div>\n\n\n\n<p class=\"has-text-align-center\"><strong>FONDATION EN BETON ET MURS EN PARPAINGS<\/strong><\/p>\n\n\n\n<p class=\"has-text-align-center\"><em>Phase en auto construction<\/em><\/p>\n\n\n\n<p>\u00c0 notre tour de relever les manches. Bon ! Avant \u00e7a, on a potass\u00e9. Merci YouTube, forum et autres blogs pour vos proc\u00e9dures et bons conseils. Faut dire que l&#8217;on n&#8217;est pas du b\u00e2timent et l\u00e0, on partait totalement vers l&#8217;inconnu.<\/p>\n\n\n\n<p>Lors des phases d&#8217;auto construction, nous travaillons avec Augustin, notre voisin. Il n&#8217;est pas non plus du m\u00e9tier, mais il a particip\u00e9 \u00e0 quelques chantiers&#8230; Et finalement, en sait plus que nous. Nous lui donnions donc les grosses lignes, validions les commandes de mat\u00e9riaux avec lui et ensuite nous mettions en \u0153uvre avec lui sur place.<\/p>\n\n\n\n<p>Sylvain a commenc\u00e9 par dessiner les plans pour le passage de la plomberie et des gaines \u00e9lectriques. Plusieurs contraintes se sont alors pr\u00e9sent\u00e9es :<\/p>\n\n\n\n<ul class=\"wp-block-list\">\n<li>On ne trouve pas de tuyauterie souple au Panama, seulement de la tuyauterie rigide &#8211; avec des tuyaux adapt\u00e9s \u00e0 l&#8217;eau froide et \u00e0 l&#8217;eau chaude. Il y a quelques jours, nous avons d\u00e9couvert un fournisseur de tuyauterie souple \u00e0 Panama City, mais il s&#8217;agit de produits import\u00e9s dont les stocks sont faibles et les r\u00e9approvisionnements incertains. Vous pouvez \u00e9galement les importer par vous-m\u00eame depuis les \u00c9tats-Unis mais le co\u00fbt est non n\u00e9gligeable.<\/li>\n\n\n\n<li>Le syst\u00e8me \u00e9lectrique est diff\u00e9rent de celui de l&#8217;Europe : Il s&#8217;agit d&#8217;un syst\u00e8me \u00e9lectrique en 110 volts, on ne trouve pas de diff\u00e9rentiel, certains \u00e9quipements fonctionnent en 220 volts et requi\u00e8rent donc une arriv\u00e9e de deux phases&#8230;<\/li>\n<\/ul>\n\n\n\n<figure class=\"wp-block-gallery has-nested-images columns-default is-cropped wp-block-gallery-6 is-layout-flex wp-block-gallery-is-layout-flex\">\n<figure class=\"wp-block-image size-large\"><img loading=\"lazy\" decoding=\"async\" width=\"1024\" height=\"485\" data-id=\"1377\" src=\"https:\/\/mycabanascomestrue.com\/wp-content\/uploads\/2023\/05\/20220915_154016-1024x485.jpg\" alt=\"\" class=\"wp-image-1377\" srcset=\"https:\/\/mycabanascomestrue.com\/wp-content\/uploads\/2023\/05\/20220915_154016-1024x485.jpg 1024w, https:\/\/mycabanascomestrue.com\/wp-content\/uploads\/2023\/05\/20220915_154016-300x142.jpg 300w, https:\/\/mycabanascomestrue.com\/wp-content\/uploads\/2023\/05\/20220915_154016-768x363.jpg 768w, https:\/\/mycabanascomestrue.com\/wp-content\/uploads\/2023\/05\/20220915_154016-1536x727.jpg 1536w, https:\/\/mycabanascomestrue.com\/wp-content\/uploads\/2023\/05\/20220915_154016-2048x969.jpg 2048w\" sizes=\"auto, (max-width: 1024px) 100vw, 1024px\" \/><\/figure>\n\n\n\n<figure class=\"wp-block-image size-large\"><img loading=\"lazy\" decoding=\"async\" width=\"1024\" height=\"485\" data-id=\"1378\" src=\"https:\/\/mycabanascomestrue.com\/wp-content\/uploads\/2023\/05\/20220916_125948-1024x485.jpg\" alt=\"\" class=\"wp-image-1378\" srcset=\"https:\/\/mycabanascomestrue.com\/wp-content\/uploads\/2023\/05\/20220916_125948-1024x485.jpg 1024w, https:\/\/mycabanascomestrue.com\/wp-content\/uploads\/2023\/05\/20220916_125948-300x142.jpg 300w, https:\/\/mycabanascomestrue.com\/wp-content\/uploads\/2023\/05\/20220916_125948-768x363.jpg 768w, https:\/\/mycabanascomestrue.com\/wp-content\/uploads\/2023\/05\/20220916_125948-1536x727.jpg 1536w, https:\/\/mycabanascomestrue.com\/wp-content\/uploads\/2023\/05\/20220916_125948-2048x969.jpg 2048w\" sizes=\"auto, (max-width: 1024px) 100vw, 1024px\" \/><\/figure>\n<\/figure>\n\n\n\n<div style=\"height:10px\" aria-hidden=\"true\" class=\"wp-block-spacer\"><\/div>\n\n\n\n<p>Augustin et Sylvain ont ensuite pr\u00e9par\u00e9 le ferraillage des fondations et coul\u00e9 le b\u00e9ton. Encore \u00e0 cette \u00e9tape, des contraintes se sont impos\u00e9es :<\/p>\n\n\n\n<ul class=\"wp-block-list\">\n<li>Vous ne trouverez pas de machine pour pr\u00e9parer les armatures \u00e0 installer dans les tranch\u00e9es. C&#8217;est Augustin qui a pr\u00e9par\u00e9 manuellement toutes les armatures. Heureusement qu&#8217;il avait d\u00e9j\u00e0 fait cela avant !<\/li>\n\n\n\n<li>Pour pr\u00e9parer le b\u00e9ton, nous avons voulu louer une b\u00e9tonni\u00e8re. Mais ici, il n&#8217;y a pas de KILOUTOU ! On a donc fait le tour de nos voisins, mais les quelques b\u00e9tonni\u00e8res pr\u00e9sentes \u00e9taient d\u00e9j\u00e0 en activit\u00e9. Donc la pr\u00e9paration du b\u00e9ton a \u00e9galement \u00e9t\u00e9 manuelle.<\/li>\n\n\n\n<li>\u00c0 cette \u00e9tape, nous \u00e9tions au c\u0153ur de la saison des pluies. Beaucoup de site d&#8217;informations sur la construction vous d\u00e9conseilleront de couler du b\u00e9ton lors de grosse pluie. Mais alors, on fait comment quand ont vit dans un pays o\u00f9 il pleut 6 mois sur 12 ? Bah, on fait avec, on s&#8217;adapte. On met moins d&#8217;eau dans la pr\u00e9paration et on prot\u00e8ge avec des b\u00e2ches.<\/li>\n<\/ul>\n\n\n\n<figure class=\"wp-block-gallery has-nested-images columns-default is-cropped wp-block-gallery-7 is-layout-flex wp-block-gallery-is-layout-flex\">\n<figure class=\"wp-block-image size-large\"><img loading=\"lazy\" decoding=\"async\" width=\"485\" height=\"1024\" data-id=\"1381\" src=\"https:\/\/mycabanascomestrue.com\/wp-content\/uploads\/2023\/05\/20220915_085830-485x1024.jpg\" alt=\"\" class=\"wp-image-1381\" srcset=\"https:\/\/mycabanascomestrue.com\/wp-content\/uploads\/2023\/05\/20220915_085830-485x1024.jpg 485w, https:\/\/mycabanascomestrue.com\/wp-content\/uploads\/2023\/05\/20220915_085830-142x300.jpg 142w, https:\/\/mycabanascomestrue.com\/wp-content\/uploads\/2023\/05\/20220915_085830-768x1620.jpg 768w, https:\/\/mycabanascomestrue.com\/wp-content\/uploads\/2023\/05\/20220915_085830-728x1536.jpg 728w, https:\/\/mycabanascomestrue.com\/wp-content\/uploads\/2023\/05\/20220915_085830-971x2048.jpg 971w, https:\/\/mycabanascomestrue.com\/wp-content\/uploads\/2023\/05\/20220915_085830-scaled.jpg 1213w\" sizes=\"auto, (max-width: 485px) 100vw, 485px\" \/><\/figure>\n\n\n\n<figure class=\"wp-block-image size-large\"><img loading=\"lazy\" decoding=\"async\" width=\"485\" height=\"1024\" data-id=\"1380\" src=\"https:\/\/mycabanascomestrue.com\/wp-content\/uploads\/2023\/05\/20220917_103210-485x1024.jpg\" alt=\"\" class=\"wp-image-1380\" srcset=\"https:\/\/mycabanascomestrue.com\/wp-content\/uploads\/2023\/05\/20220917_103210-485x1024.jpg 485w, https:\/\/mycabanascomestrue.com\/wp-content\/uploads\/2023\/05\/20220917_103210-142x300.jpg 142w, https:\/\/mycabanascomestrue.com\/wp-content\/uploads\/2023\/05\/20220917_103210-768x1623.jpg 768w, https:\/\/mycabanascomestrue.com\/wp-content\/uploads\/2023\/05\/20220917_103210-727x1536.jpg 727w, https:\/\/mycabanascomestrue.com\/wp-content\/uploads\/2023\/05\/20220917_103210-969x2048.jpg 969w, https:\/\/mycabanascomestrue.com\/wp-content\/uploads\/2023\/05\/20220917_103210-scaled.jpg 1211w\" sizes=\"auto, (max-width: 485px) 100vw, 485px\" \/><\/figure>\n\n\n\n<figure class=\"wp-block-image size-large\"><img loading=\"lazy\" decoding=\"async\" width=\"479\" height=\"1024\" data-id=\"1382\" src=\"https:\/\/mycabanascomestrue.com\/wp-content\/uploads\/2023\/05\/IMG_20220920_130838-1-479x1024.jpg\" alt=\"\" class=\"wp-image-1382\" srcset=\"https:\/\/mycabanascomestrue.com\/wp-content\/uploads\/2023\/05\/IMG_20220920_130838-1-479x1024.jpg 479w, https:\/\/mycabanascomestrue.com\/wp-content\/uploads\/2023\/05\/IMG_20220920_130838-1-140x300.jpg 140w, https:\/\/mycabanascomestrue.com\/wp-content\/uploads\/2023\/05\/IMG_20220920_130838-1-768x1641.jpg 768w, https:\/\/mycabanascomestrue.com\/wp-content\/uploads\/2023\/05\/IMG_20220920_130838-1-719x1536.jpg 719w, https:\/\/mycabanascomestrue.com\/wp-content\/uploads\/2023\/05\/IMG_20220920_130838-1-958x2048.jpg 958w, https:\/\/mycabanascomestrue.com\/wp-content\/uploads\/2023\/05\/IMG_20220920_130838-1-scaled.jpg 1198w\" sizes=\"auto, (max-width: 479px) 100vw, 479px\" \/><\/figure>\n\n\n\n<figure class=\"wp-block-image size-large\"><img loading=\"lazy\" decoding=\"async\" width=\"1024\" height=\"479\" data-id=\"1379\" src=\"https:\/\/mycabanascomestrue.com\/wp-content\/uploads\/2023\/05\/IMG_20220920_141532-1024x479.jpg\" alt=\"\" class=\"wp-image-1379\" srcset=\"https:\/\/mycabanascomestrue.com\/wp-content\/uploads\/2023\/05\/IMG_20220920_141532-1024x479.jpg 1024w, https:\/\/mycabanascomestrue.com\/wp-content\/uploads\/2023\/05\/IMG_20220920_141532-300x140.jpg 300w, https:\/\/mycabanascomestrue.com\/wp-content\/uploads\/2023\/05\/IMG_20220920_141532-768x359.jpg 768w, https:\/\/mycabanascomestrue.com\/wp-content\/uploads\/2023\/05\/IMG_20220920_141532-1536x719.jpg 1536w, https:\/\/mycabanascomestrue.com\/wp-content\/uploads\/2023\/05\/IMG_20220920_141532-2048x958.jpg 2048w\" sizes=\"auto, (max-width: 1024px) 100vw, 1024px\" \/><\/figure>\n\n\n\n<figure class=\"wp-block-image size-large\"><img loading=\"lazy\" decoding=\"async\" width=\"1024\" height=\"563\" data-id=\"1383\" src=\"https:\/\/mycabanascomestrue.com\/wp-content\/uploads\/2023\/05\/20221012_092824-2-1024x563.jpg\" alt=\"\" class=\"wp-image-1383\" srcset=\"https:\/\/mycabanascomestrue.com\/wp-content\/uploads\/2023\/05\/20221012_092824-2-1024x563.jpg 1024w, https:\/\/mycabanascomestrue.com\/wp-content\/uploads\/2023\/05\/20221012_092824-2-300x165.jpg 300w, https:\/\/mycabanascomestrue.com\/wp-content\/uploads\/2023\/05\/20221012_092824-2-768x422.jpg 768w, https:\/\/mycabanascomestrue.com\/wp-content\/uploads\/2023\/05\/20221012_092824-2-1536x844.jpg 1536w, https:\/\/mycabanascomestrue.com\/wp-content\/uploads\/2023\/05\/20221012_092824-2-2048x1125.jpg 2048w\" sizes=\"auto, (max-width: 1024px) 100vw, 1024px\" \/><\/figure>\n<\/figure>\n\n\n\n<div style=\"height:10px\" aria-hidden=\"true\" class=\"wp-block-spacer\"><\/div>\n\n\n\n<p>\u00c0 mon tour de participer \u00e0 la construction de la cabane ! Je n&#8217;avais jamais r\u00e9alis\u00e9 de ma\u00e7onnerie. Donc le fait qu&#8217;elle soit arrondie n&#8217;a rien chang\u00e9 \u00e0 mon appr\u00e9hension. J&#8217;ai appris sur le tas \u00e0 niveler, faire l&#8217;aplomb, jointoyer&#8230; Augustin quant \u00e0 lui s&#8217;occupait de couper les parpaings quand cela \u00e9tait n\u00e9cessaire, de pr\u00e9parer le mortier et de le d\u00e9poser sur les parpaings.<\/p>\n\n\n<div class=\"wp-block-image\">\n<figure class=\"aligncenter size-large\"><img loading=\"lazy\" decoding=\"async\" width=\"1024\" height=\"479\" src=\"https:\/\/mycabanascomestrue.com\/wp-content\/uploads\/2023\/05\/IMG-20221025-WA0019-1024x479.jpg\" alt=\"\" class=\"wp-image-1384\" srcset=\"https:\/\/mycabanascomestrue.com\/wp-content\/uploads\/2023\/05\/IMG-20221025-WA0019-1024x479.jpg 1024w, https:\/\/mycabanascomestrue.com\/wp-content\/uploads\/2023\/05\/IMG-20221025-WA0019-300x140.jpg 300w, https:\/\/mycabanascomestrue.com\/wp-content\/uploads\/2023\/05\/IMG-20221025-WA0019-768x359.jpg 768w, https:\/\/mycabanascomestrue.com\/wp-content\/uploads\/2023\/05\/IMG-20221025-WA0019.jpg 1280w\" sizes=\"auto, (max-width: 1024px) 100vw, 1024px\" \/><\/figure>\n<\/div>\n\n\n<div style=\"height:10px\" aria-hidden=\"true\" class=\"wp-block-spacer\"><\/div>\n\n\n\n<figure class=\"wp-block-gallery has-nested-images columns-default is-cropped wp-block-gallery-8 is-layout-flex wp-block-gallery-is-layout-flex\">\n<figure class=\"wp-block-image size-large\"><img loading=\"lazy\" decoding=\"async\" width=\"1024\" height=\"485\" data-id=\"1368\" src=\"https:\/\/mycabanascomestrue.com\/wp-content\/uploads\/2023\/05\/20221027_115307-1024x485.jpg\" alt=\"\" class=\"wp-image-1368\" srcset=\"https:\/\/mycabanascomestrue.com\/wp-content\/uploads\/2023\/05\/20221027_115307-1024x485.jpg 1024w, https:\/\/mycabanascomestrue.com\/wp-content\/uploads\/2023\/05\/20221027_115307-300x142.jpg 300w, https:\/\/mycabanascomestrue.com\/wp-content\/uploads\/2023\/05\/20221027_115307-768x364.jpg 768w, https:\/\/mycabanascomestrue.com\/wp-content\/uploads\/2023\/05\/20221027_115307-1536x728.jpg 1536w, https:\/\/mycabanascomestrue.com\/wp-content\/uploads\/2023\/05\/20221027_115307-2048x971.jpg 2048w\" sizes=\"auto, (max-width: 1024px) 100vw, 1024px\" \/><\/figure>\n\n\n\n<figure class=\"wp-block-image size-large\"><img loading=\"lazy\" decoding=\"async\" width=\"1024\" height=\"485\" data-id=\"1365\" src=\"https:\/\/mycabanascomestrue.com\/wp-content\/uploads\/2023\/05\/20221119_150422-1024x485.jpg\" alt=\"\" class=\"wp-image-1365\" srcset=\"https:\/\/mycabanascomestrue.com\/wp-content\/uploads\/2023\/05\/20221119_150422-1024x485.jpg 1024w, https:\/\/mycabanascomestrue.com\/wp-content\/uploads\/2023\/05\/20221119_150422-300x142.jpg 300w, https:\/\/mycabanascomestrue.com\/wp-content\/uploads\/2023\/05\/20221119_150422-768x364.jpg 768w, https:\/\/mycabanascomestrue.com\/wp-content\/uploads\/2023\/05\/20221119_150422-1536x728.jpg 1536w, https:\/\/mycabanascomestrue.com\/wp-content\/uploads\/2023\/05\/20221119_150422-2048x971.jpg 2048w\" sizes=\"auto, (max-width: 1024px) 100vw, 1024px\" \/><\/figure>\n\n\n\n<figure class=\"wp-block-image size-large\"><img loading=\"lazy\" decoding=\"async\" width=\"1024\" height=\"485\" data-id=\"1362\" src=\"https:\/\/mycabanascomestrue.com\/wp-content\/uploads\/2023\/05\/20221204_073427-1024x485.jpg\" alt=\"\" class=\"wp-image-1362\" srcset=\"https:\/\/mycabanascomestrue.com\/wp-content\/uploads\/2023\/05\/20221204_073427-1024x485.jpg 1024w, https:\/\/mycabanascomestrue.com\/wp-content\/uploads\/2023\/05\/20221204_073427-300x142.jpg 300w, https:\/\/mycabanascomestrue.com\/wp-content\/uploads\/2023\/05\/20221204_073427-768x364.jpg 768w, https:\/\/mycabanascomestrue.com\/wp-content\/uploads\/2023\/05\/20221204_073427-1536x728.jpg 1536w, https:\/\/mycabanascomestrue.com\/wp-content\/uploads\/2023\/05\/20221204_073427-2048x971.jpg 2048w\" sizes=\"auto, (max-width: 1024px) 100vw, 1024px\" \/><\/figure>\n<\/figure>\n\n\n\n<div style=\"height:10px\" aria-hidden=\"true\" class=\"wp-block-spacer\"><\/div>\n\n\n\n<figure class=\"wp-block-gallery has-nested-images columns-default is-cropped wp-block-gallery-9 is-layout-flex wp-block-gallery-is-layout-flex\">\n<figure class=\"wp-block-image size-large\"><img loading=\"lazy\" decoding=\"async\" width=\"1024\" height=\"485\" data-id=\"1367\" src=\"https:\/\/mycabanascomestrue.com\/wp-content\/uploads\/2023\/05\/20221206_095724-1024x485.jpg\" alt=\"\" class=\"wp-image-1367\" srcset=\"https:\/\/mycabanascomestrue.com\/wp-content\/uploads\/2023\/05\/20221206_095724-1024x485.jpg 1024w, https:\/\/mycabanascomestrue.com\/wp-content\/uploads\/2023\/05\/20221206_095724-300x142.jpg 300w, https:\/\/mycabanascomestrue.com\/wp-content\/uploads\/2023\/05\/20221206_095724-768x364.jpg 768w, https:\/\/mycabanascomestrue.com\/wp-content\/uploads\/2023\/05\/20221206_095724-1536x728.jpg 1536w, https:\/\/mycabanascomestrue.com\/wp-content\/uploads\/2023\/05\/20221206_095724-2048x971.jpg 2048w\" sizes=\"auto, (max-width: 1024px) 100vw, 1024px\" \/><\/figure>\n\n\n\n<figure class=\"wp-block-image size-large\"><img loading=\"lazy\" decoding=\"async\" width=\"1024\" height=\"485\" data-id=\"1363\" src=\"https:\/\/mycabanascomestrue.com\/wp-content\/uploads\/2023\/05\/20221219_094412-1024x485.jpg\" alt=\"\" class=\"wp-image-1363\" srcset=\"https:\/\/mycabanascomestrue.com\/wp-content\/uploads\/2023\/05\/20221219_094412-1024x485.jpg 1024w, https:\/\/mycabanascomestrue.com\/wp-content\/uploads\/2023\/05\/20221219_094412-300x142.jpg 300w, https:\/\/mycabanascomestrue.com\/wp-content\/uploads\/2023\/05\/20221219_094412-768x364.jpg 768w, https:\/\/mycabanascomestrue.com\/wp-content\/uploads\/2023\/05\/20221219_094412-1536x728.jpg 1536w, https:\/\/mycabanascomestrue.com\/wp-content\/uploads\/2023\/05\/20221219_094412-2048x971.jpg 2048w\" sizes=\"auto, (max-width: 1024px) 100vw, 1024px\" \/><\/figure>\n<\/figure>\n\n\n\n<div style=\"height:10px\" aria-hidden=\"true\" class=\"wp-block-spacer\"><\/div>\n\n\n\n<p>Bien que satisfait de notre travail, la construction des murs en parpaings f\u00fbt un travail fastidieux, qui s&#8217;est r\u00e9v\u00e9l\u00e9 co\u00fbteux. Nous avons choisi la facilit\u00e9 de se faire livrer des mat\u00e9riaux pr\u00eats \u00e0 l&#8217;usage mais \u00e0 refaire, nous le ferions autrement. Pourquoi pas remplir des sacs en jute avec de la terre, fa\u00e7on <a href=\"https:\/\/fr.wikipedia.org\/wiki\/%C3%89cod%C3%B4me\" data-type=\"URL\" data-id=\"https:\/\/fr.wikipedia.org\/wiki\/%C3%89cod%C3%B4me\" target=\"_blank\" rel=\"noreferrer noopener\">Eco d\u00f4me<\/a>.<\/p>\n\n\n\n<p>Quelques prix hors taxe de mat\u00e9riaux (2022) :<\/p>\n\n\n\n<p>1 sac de ciment gris \u00e0 usage g\u00e9n\u00e9ral &#8211; 42,5 kg       8,41$<\/p>\n\n\n\n<p>650 Kg de sable                                                         36,00 $<\/p>\n\n\n\n<p>650 Kg de pierre                                                        26,00 $<\/p>\n\n\n\n<p>Barre d&#8217;acier 3\/8                                                          6,25 $<\/p>\n\n\n\n<p>Taux de TVA sur les mat\u00e9riaux de construction au Panama : 7%.<\/p>\n\n\n\n<div style=\"height:10px\" aria-hidden=\"true\" class=\"wp-block-spacer\"><\/div>\n\n\n\n<p><span style=\"text-decoration: underline;\">Co\u00fbt et dur\u00e9e<\/span><\/p>\n\n\n\n<p>3 000 $ tout compris : parpaing, sable, ciment, gravier, ferraille, \u00e9quipement pour la plomberie, \u00e9quipement pour l&#8217;\u00e9lectricit\u00e9, petites fournitures.<br>4 mois calendaires.<\/p>\n\n\n\n<div style=\"height:50px\" aria-hidden=\"true\" class=\"wp-block-spacer\"><\/div>\n\n\n\n<p class=\"has-text-align-center\"><strong>DALLE BETON ET ENDUIT CIMENT<\/strong><\/p>\n\n\n\n<p class=\"has-text-align-center\"><em>Phase r\u00e9alis\u00e9e par une \u00e9quipe locale.<\/em><\/p>\n\n\n\n<p>Par pr\u00e9caution, nous avons \u00e0 nouveau fait appel \u00e0 des professionnels pour cette \u00e9tape. Mais avant qu&#8217;ils interviennent, Sylvain et Augustin ont finalis\u00e9 l&#8217;installation \u00e9lectrique et la plomberie. Dipl\u00f4m\u00e9 d&#8217;un baccalaur\u00e9at \u00e9lectrotechnique, ce f\u00fbt l&#8217;occasion pour Sylvain de former Augustin \u00e0 l&#8217;\u00e9lectricit\u00e9.<\/p>\n\n\n\n<figure class=\"wp-block-gallery has-nested-images columns-default is-cropped wp-block-gallery-10 is-layout-flex wp-block-gallery-is-layout-flex\">\n<figure class=\"wp-block-image size-large\"><img loading=\"lazy\" decoding=\"async\" width=\"576\" height=\"1024\" data-id=\"1389\" src=\"https:\/\/mycabanascomestrue.com\/wp-content\/uploads\/2023\/05\/20221230_142222-576x1024.jpg\" alt=\"\" class=\"wp-image-1389\" srcset=\"https:\/\/mycabanascomestrue.com\/wp-content\/uploads\/2023\/05\/20221230_142222-576x1024.jpg 576w, https:\/\/mycabanascomestrue.com\/wp-content\/uploads\/2023\/05\/20221230_142222-169x300.jpg 169w, https:\/\/mycabanascomestrue.com\/wp-content\/uploads\/2023\/05\/20221230_142222-768x1365.jpg 768w, https:\/\/mycabanascomestrue.com\/wp-content\/uploads\/2023\/05\/20221230_142222-864x1536.jpg 864w, https:\/\/mycabanascomestrue.com\/wp-content\/uploads\/2023\/05\/20221230_142222-1152x2048.jpg 1152w, https:\/\/mycabanascomestrue.com\/wp-content\/uploads\/2023\/05\/20221230_142222-scaled.jpg 1440w\" sizes=\"auto, (max-width: 576px) 100vw, 576px\" \/><\/figure>\n\n\n\n<figure class=\"wp-block-image size-large\"><img loading=\"lazy\" decoding=\"async\" width=\"768\" height=\"1024\" data-id=\"1393\" src=\"https:\/\/mycabanascomestrue.com\/wp-content\/uploads\/2023\/05\/20230111_104457-768x1024.jpg\" alt=\"\" class=\"wp-image-1393\" srcset=\"https:\/\/mycabanascomestrue.com\/wp-content\/uploads\/2023\/05\/20230111_104457-768x1024.jpg 768w, https:\/\/mycabanascomestrue.com\/wp-content\/uploads\/2023\/05\/20230111_104457-225x300.jpg 225w, https:\/\/mycabanascomestrue.com\/wp-content\/uploads\/2023\/05\/20230111_104457-1152x1536.jpg 1152w, https:\/\/mycabanascomestrue.com\/wp-content\/uploads\/2023\/05\/20230111_104457-1536x2048.jpg 1536w, https:\/\/mycabanascomestrue.com\/wp-content\/uploads\/2023\/05\/20230111_104457-scaled.jpg 1920w\" sizes=\"auto, (max-width: 768px) 100vw, 768px\" \/><\/figure>\n\n\n\n<figure class=\"wp-block-image size-large\"><img loading=\"lazy\" decoding=\"async\" width=\"576\" height=\"1024\" data-id=\"1391\" src=\"https:\/\/mycabanascomestrue.com\/wp-content\/uploads\/2023\/05\/20221230_142258-576x1024.jpg\" alt=\"\" class=\"wp-image-1391\" srcset=\"https:\/\/mycabanascomestrue.com\/wp-content\/uploads\/2023\/05\/20221230_142258-576x1024.jpg 576w, https:\/\/mycabanascomestrue.com\/wp-content\/uploads\/2023\/05\/20221230_142258-169x300.jpg 169w, https:\/\/mycabanascomestrue.com\/wp-content\/uploads\/2023\/05\/20221230_142258-768x1365.jpg 768w, https:\/\/mycabanascomestrue.com\/wp-content\/uploads\/2023\/05\/20221230_142258-864x1536.jpg 864w, https:\/\/mycabanascomestrue.com\/wp-content\/uploads\/2023\/05\/20221230_142258-1152x2048.jpg 1152w, https:\/\/mycabanascomestrue.com\/wp-content\/uploads\/2023\/05\/20221230_142258-scaled.jpg 1440w\" sizes=\"auto, (max-width: 576px) 100vw, 576px\" \/><\/figure>\n\n\n\n<figure class=\"wp-block-image size-large\"><img loading=\"lazy\" decoding=\"async\" width=\"1024\" height=\"576\" data-id=\"1390\" src=\"https:\/\/mycabanascomestrue.com\/wp-content\/uploads\/2023\/05\/20221230_142110-1024x576.jpg\" alt=\"\" class=\"wp-image-1390\" srcset=\"https:\/\/mycabanascomestrue.com\/wp-content\/uploads\/2023\/05\/20221230_142110-1024x576.jpg 1024w, https:\/\/mycabanascomestrue.com\/wp-content\/uploads\/2023\/05\/20221230_142110-300x169.jpg 300w, https:\/\/mycabanascomestrue.com\/wp-content\/uploads\/2023\/05\/20221230_142110-768x432.jpg 768w, https:\/\/mycabanascomestrue.com\/wp-content\/uploads\/2023\/05\/20221230_142110-1536x864.jpg 1536w, https:\/\/mycabanascomestrue.com\/wp-content\/uploads\/2023\/05\/20221230_142110-2048x1152.jpg 2048w\" sizes=\"auto, (max-width: 1024px) 100vw, 1024px\" \/><\/figure>\n\n\n\n<figure class=\"wp-block-image size-large\"><img loading=\"lazy\" decoding=\"async\" width=\"1024\" height=\"768\" data-id=\"1392\" src=\"https:\/\/mycabanascomestrue.com\/wp-content\/uploads\/2023\/05\/20230111_104522-1024x768.jpg\" alt=\"\" class=\"wp-image-1392\" srcset=\"https:\/\/mycabanascomestrue.com\/wp-content\/uploads\/2023\/05\/20230111_104522-1024x768.jpg 1024w, https:\/\/mycabanascomestrue.com\/wp-content\/uploads\/2023\/05\/20230111_104522-300x225.jpg 300w, https:\/\/mycabanascomestrue.com\/wp-content\/uploads\/2023\/05\/20230111_104522-768x576.jpg 768w, https:\/\/mycabanascomestrue.com\/wp-content\/uploads\/2023\/05\/20230111_104522-1536x1152.jpg 1536w, https:\/\/mycabanascomestrue.com\/wp-content\/uploads\/2023\/05\/20230111_104522-2048x1536.jpg 2048w, https:\/\/mycabanascomestrue.com\/wp-content\/uploads\/2023\/05\/20230111_104522-600x450.jpg 600w\" sizes=\"auto, (max-width: 1024px) 100vw, 1024px\" \/><\/figure>\n<\/figure>\n\n\n\n<div style=\"height:10px\" aria-hidden=\"true\" class=\"wp-block-spacer\"><\/div>\n\n\n\n<p>Cette \u00e9tape de construction n&#8217;a pas \u00e9t\u00e9 de tout repos ! Voici quelques points qui nous semble important \u00e0 partager. M\u00eame s&#8217;il ne faut pas g\u00e9n\u00e9raliser \u00e0 tous les chantiers et \u00e0 toutes les \u00e9quipes de construction, de nombreuses personnes nous avaient alert\u00e9 sur ces aspects :<\/p>\n\n\n\n<ul class=\"wp-block-list\">\n<li>Chaque ville a son rythme. \u00c0 Toulouse, on parle de quart d&#8217;heure toulousain. Au Panama, ce serait plut\u00f4t des jours. Mais n&#8217;\u00e9tions-nous pas venu au Panama pour changer de rythme ? Blague mis \u00e0 part, ayez bien en t\u00eate que si vous faites appel \u00e0 une \u00e9quipe ext\u00e9rieure le chantier avancera \u00e0 leur rythme et pas au v\u00f4tre. <\/li>\n\n\n\n<li>Le r\u00e9approvisionnement des produits en magasin est souvent incertain. La chantier a \u00e9t\u00e9 suspendu 1 mois car il n&#8217;y avait plus de ciment blanc disponible, pas dans un magasin mais dans tous les magasins de tous le pays !<\/li>\n\n\n\n<li>Les ouvriers sont souvent non qualifi\u00e9s. Ils apprennent le m\u00e9tier sur le tas, sans formation. Cela induit parfois des erreurs comme la fois o\u00f9 l&#8217;\u00e9quipe a appliqu\u00e9 l&#8217;enduit de finition int\u00e9rieur sur l&#8217;enduit gris totalement humide. R\u00e9sultat, les pigments de l&#8217;enduit de finition \u00e9taient absorb\u00e9s au fur et \u00e0 mesure par l&#8217;enduit gris.<\/li>\n<\/ul>\n\n\n<div class=\"wp-block-image\">\n<figure class=\"aligncenter size-large\"><img loading=\"lazy\" decoding=\"async\" width=\"1024\" height=\"576\" src=\"https:\/\/mycabanascomestrue.com\/wp-content\/uploads\/2023\/05\/20230119_130848-1024x576.jpg\" alt=\"\" class=\"wp-image-1396\" srcset=\"https:\/\/mycabanascomestrue.com\/wp-content\/uploads\/2023\/05\/20230119_130848-1024x576.jpg 1024w, https:\/\/mycabanascomestrue.com\/wp-content\/uploads\/2023\/05\/20230119_130848-300x169.jpg 300w, https:\/\/mycabanascomestrue.com\/wp-content\/uploads\/2023\/05\/20230119_130848-768x432.jpg 768w, https:\/\/mycabanascomestrue.com\/wp-content\/uploads\/2023\/05\/20230119_130848-1536x864.jpg 1536w, https:\/\/mycabanascomestrue.com\/wp-content\/uploads\/2023\/05\/20230119_130848-2048x1152.jpg 2048w\" sizes=\"auto, (max-width: 1024px) 100vw, 1024px\" \/><\/figure>\n<\/div>\n\n\n<div style=\"height:10px\" aria-hidden=\"true\" class=\"wp-block-spacer\"><\/div>\n\n\n\n<ul class=\"wp-block-list\">\n<li>Notre chef de chantier g\u00e9rait plusieurs chantiers en m\u00eame temps. Qu&#8217;elle que soit la personne au commande, cette surcharge occasionne forc\u00e9ment des oublis, des erreurs&#8230; Il faut en avoir conscience, votre pr\u00e9sence est indispensable sur le chantier pour rappeler ce qui est attendu, pour conseiller sur la mani\u00e8re de faire (oui oui, m\u00eame si vous n&#8217;\u00eates pas un pro), pour d\u00e9bloquer une situation&#8230;<\/li>\n\n\n\n<li>D&#8217;un pays \u00e0 l&#8217;autre, le cadre de r\u00e9f\u00e9rence n&#8217;est pas le m\u00eame. Nous avons appris \u00e0 nos d\u00e9pens (Ce n&#8217;est pas vrai ! On nous avait pr\u00e9venu), qu&#8217;il est pr\u00e9f\u00e9rable de s&#8217;occuper des finitions. Lors de la seconde pose de l&#8217;enduit, l&#8217;\u00e9quipe n&#8217;a pas humidifi\u00e9 le gris et a trop tir\u00e9 l&#8217;enduit de finition. Au bout de 2 jours, l&#8217;enduit \u00e9tait craquel\u00e9. Nous avons donc repris le travail en pon\u00e7ant l&#8217;enduit, bouchant les imperfections avec de l&#8217;enduit de rebouchage, lissant au papier \u00e0 poncer, posant une sous-couche au fort pouvoir couvrant et peignant \u00e0 la teinte voulue.<\/li>\n<\/ul>\n\n\n\n<p>Malgr\u00e9 ces quelques remarques, le travail sur les dalles et l&#8217;enduit en gris a \u00e9t\u00e9 tr\u00e8s bien fait. Nous n&#8217;h\u00e9siterons pas \u00e0 refaire appel \u00e0 cette \u00e9quipe pour les travaux de ma\u00e7onnerie.<\/p>\n\n\n\n<figure class=\"wp-block-gallery has-nested-images columns-default is-cropped wp-block-gallery-11 is-layout-flex wp-block-gallery-is-layout-flex\">\n<figure class=\"wp-block-image size-large\"><img loading=\"lazy\" decoding=\"async\" width=\"1024\" height=\"576\" data-id=\"1400\" src=\"https:\/\/mycabanascomestrue.com\/wp-content\/uploads\/2023\/05\/20230120_151159-1024x576.jpg\" alt=\"\" class=\"wp-image-1400\" srcset=\"https:\/\/mycabanascomestrue.com\/wp-content\/uploads\/2023\/05\/20230120_151159-1024x576.jpg 1024w, https:\/\/mycabanascomestrue.com\/wp-content\/uploads\/2023\/05\/20230120_151159-300x169.jpg 300w, https:\/\/mycabanascomestrue.com\/wp-content\/uploads\/2023\/05\/20230120_151159-768x432.jpg 768w, https:\/\/mycabanascomestrue.com\/wp-content\/uploads\/2023\/05\/20230120_151159-1536x864.jpg 1536w, https:\/\/mycabanascomestrue.com\/wp-content\/uploads\/2023\/05\/20230120_151159-2048x1152.jpg 2048w\" sizes=\"auto, (max-width: 1024px) 100vw, 1024px\" \/><\/figure>\n\n\n\n<figure class=\"wp-block-image size-large\"><img loading=\"lazy\" decoding=\"async\" width=\"1024\" height=\"576\" data-id=\"1399\" src=\"https:\/\/mycabanascomestrue.com\/wp-content\/uploads\/2023\/05\/20230120_151226-1024x576.jpg\" alt=\"\" class=\"wp-image-1399\" srcset=\"https:\/\/mycabanascomestrue.com\/wp-content\/uploads\/2023\/05\/20230120_151226-1024x576.jpg 1024w, https:\/\/mycabanascomestrue.com\/wp-content\/uploads\/2023\/05\/20230120_151226-300x169.jpg 300w, https:\/\/mycabanascomestrue.com\/wp-content\/uploads\/2023\/05\/20230120_151226-768x432.jpg 768w, https:\/\/mycabanascomestrue.com\/wp-content\/uploads\/2023\/05\/20230120_151226-1536x864.jpg 1536w, https:\/\/mycabanascomestrue.com\/wp-content\/uploads\/2023\/05\/20230120_151226-2048x1152.jpg 2048w\" sizes=\"auto, (max-width: 1024px) 100vw, 1024px\" \/><\/figure>\n\n\n\n<figure class=\"wp-block-image size-large\"><img loading=\"lazy\" decoding=\"async\" width=\"1024\" height=\"576\" data-id=\"1401\" src=\"https:\/\/mycabanascomestrue.com\/wp-content\/uploads\/2023\/05\/20230130_151830-1024x576.jpg\" alt=\"\" class=\"wp-image-1401\" srcset=\"https:\/\/mycabanascomestrue.com\/wp-content\/uploads\/2023\/05\/20230130_151830-1024x576.jpg 1024w, https:\/\/mycabanascomestrue.com\/wp-content\/uploads\/2023\/05\/20230130_151830-300x169.jpg 300w, https:\/\/mycabanascomestrue.com\/wp-content\/uploads\/2023\/05\/20230130_151830-768x432.jpg 768w, https:\/\/mycabanascomestrue.com\/wp-content\/uploads\/2023\/05\/20230130_151830-1536x864.jpg 1536w, https:\/\/mycabanascomestrue.com\/wp-content\/uploads\/2023\/05\/20230130_151830-2048x1152.jpg 2048w\" sizes=\"auto, (max-width: 1024px) 100vw, 1024px\" \/><\/figure>\n<\/figure>\n\n\n\n<div class=\"wp-block-group is-vertical is-layout-flex wp-container-core-group-is-layout-8cf370e7 wp-block-group-is-layout-flex\">\n<div style=\"height:10px\" aria-hidden=\"true\" class=\"wp-block-spacer\"><\/div>\n\n\n\n<p><span style=\"text-decoration: underline;\">Co\u00fbt et dur\u00e9e<\/span><\/p>\n\n\n\n<p>2 100 $ tout compris : dalle b\u00e9ton teint\u00e9e \u00e0 l&#8217;int\u00e9rieur de la cabane, dalle b\u00e9ton rustique avec pierre de rivi\u00e8re pour la terrasse, enduit ext\u00e9rieur et int\u00e9rieur.<br>7 jours r\u00e9partis sur 2 mois calendaires.<\/p>\n<\/div>\n\n\n\n<div style=\"height:50px\" aria-hidden=\"true\" class=\"wp-block-spacer\"><\/div>\n\n\n\n<p class=\"has-text-align-center\"><strong>HUISSERIE EN ALUMINIUM<\/strong><\/p>\n\n\n\n<p>Il n&#8217;existe pas de grandes enseignes de huisseries telles que LAPEYRE en France. Vous trouverez quelques mod\u00e8les standards dans des magasins de bricolage tels que <a rel=\"noreferrer noopener\" href=\"https:\/\/www.cochezycia.com\/?utm_source=PaidSearch&amp;utm_medium=cpa&amp;utm_campaign=search_cochez_marca&amp;utm_content=performly&amp;utm_term=cochez&amp;gclid=CjwKCAjwg-GjBhBnEiwAMUvNW7BbdNE_p5t4t9kKJ2vYMhOBe1IqojBngMuPbtBCTWXv04j6dJizHxoCSscQAvD_BwE\" data-type=\"URL\" data-id=\"https:\/\/www.cochezycia.com\/?utm_source=PaidSearch&amp;utm_medium=cpa&amp;utm_campaign=search_cochez_marca&amp;utm_content=performly&amp;utm_term=cochez&amp;gclid=CjwKCAjwg-GjBhBnEiwAMUvNW7BbdNE_p5t4t9kKJ2vYMhOBe1IqojBngMuPbtBCTWXv04j6dJizHxoCSscQAvD_BwE\" target=\"_blank\">COCHEZ<\/a>, <a rel=\"noreferrer noopener\" href=\"https:\/\/www.hopsa.com\/url\/index\" data-type=\"URL\" data-id=\"https:\/\/www.hopsa.com\/url\/index\" target=\"_blank\">HOPSA<\/a>&#8230; Et vous trouverez de nombreux artisans. Pour des huisseries en aluminium de qualit\u00e9 europ\u00e9enne, adressez-vous \u00e0 des artisans de la Ciudad.<br>La taille des huisseries de la cabane n&#8217;\u00e9tant pas standard, nous avons travaill\u00e9 avec un artisan. Par contre, nous avons opt\u00e9 pour une confection simple. <\/p>\n\n\n\n<p>Nous avons cherch\u00e9 sur google maps des artisans au plus pr\u00e8s de chez nous et en avons contact\u00e9 trois. Ensuite, nous avons choisi celui qui voulait travailler : le premier n&#8217;a jamais r\u00e9pondu \u00e0 nos messages, le second a r\u00e9pondu \u00e0 nos messages puis a fait le mort et le dernier a r\u00e9pondu \u00e0 nos messages et nous a invit\u00e9 \u00e0 le rencontrer.<\/p>\n\n\n\n<p>Nous nous sommes donc rendu \u00e0 son atelier pour voir son travail et \u00e9changer avec lui sur le projet et nos attentes. Il nous a propos\u00e9 des mod\u00e8le d&#8217;aluminium, de fermeture, de maille&#8230; sa femme nous a offert une limonada&#8230; Apr\u00e8s 20 minutes d&#8217;\u00e9change, nous validions le fait de travailler avec lui.<\/p>\n\n\n\n<figure class=\"wp-block-gallery has-nested-images columns-default is-cropped wp-block-gallery-12 is-layout-flex wp-block-gallery-is-layout-flex\">\n<figure class=\"wp-block-image size-large\"><img loading=\"lazy\" decoding=\"async\" width=\"1024\" height=\"1024\" data-id=\"1421\" src=\"https:\/\/mycabanascomestrue.com\/wp-content\/uploads\/2023\/06\/20221202_150701-1-1024x1024.jpg\" alt=\"\" class=\"wp-image-1421\" srcset=\"https:\/\/mycabanascomestrue.com\/wp-content\/uploads\/2023\/06\/20221202_150701-1-1024x1024.jpg 1024w, https:\/\/mycabanascomestrue.com\/wp-content\/uploads\/2023\/06\/20221202_150701-1-300x300.jpg 300w, https:\/\/mycabanascomestrue.com\/wp-content\/uploads\/2023\/06\/20221202_150701-1-150x150.jpg 150w, https:\/\/mycabanascomestrue.com\/wp-content\/uploads\/2023\/06\/20221202_150701-1-768x768.jpg 768w, https:\/\/mycabanascomestrue.com\/wp-content\/uploads\/2023\/06\/20221202_150701-1-1536x1536.jpg 1536w, https:\/\/mycabanascomestrue.com\/wp-content\/uploads\/2023\/06\/20221202_150701-1.jpg 1904w\" sizes=\"auto, (max-width: 1024px) 100vw, 1024px\" \/><figcaption class=\"wp-element-caption\">Nous avons s\u00e9lectionn\u00e9 un alu imprim\u00e9 bois <br>pour rappeler les poteaux de la cabane<\/figcaption><\/figure>\n\n\n\n<figure class=\"wp-block-image size-large\"><img loading=\"lazy\" decoding=\"async\" width=\"1024\" height=\"1024\" data-id=\"1420\" src=\"https:\/\/mycabanascomestrue.com\/wp-content\/uploads\/2023\/06\/20221202_151206-1-1024x1024.jpg\" alt=\"\" class=\"wp-image-1420\" srcset=\"https:\/\/mycabanascomestrue.com\/wp-content\/uploads\/2023\/06\/20221202_151206-1-1024x1024.jpg 1024w, https:\/\/mycabanascomestrue.com\/wp-content\/uploads\/2023\/06\/20221202_151206-1-300x300.jpg 300w, https:\/\/mycabanascomestrue.com\/wp-content\/uploads\/2023\/06\/20221202_151206-1-150x150.jpg 150w, https:\/\/mycabanascomestrue.com\/wp-content\/uploads\/2023\/06\/20221202_151206-1-768x768.jpg 768w, https:\/\/mycabanascomestrue.com\/wp-content\/uploads\/2023\/06\/20221202_151206-1-1536x1536.jpg 1536w, https:\/\/mycabanascomestrue.com\/wp-content\/uploads\/2023\/06\/20221202_151206-1.jpg 1903w\" sizes=\"auto, (max-width: 1024px) 100vw, 1024px\" \/><\/figure>\n<\/figure>\n\n\n\n<div style=\"height:10px\" aria-hidden=\"true\" class=\"wp-block-spacer\"><\/div>\n\n\n\n<p>D\u00e8s que la ma\u00e7onnerie des ouvertures f\u00fbt termin\u00e9e, nous avons envoy\u00e9 les mesures exactes \u00e0 l&#8217;artisan. Je dois dire que nous avons \u00e9t\u00e9 surpris de la rapidit\u00e9 d&#8217;ex\u00e9cution du chantier. Il s&#8217;est ensuite occup\u00e9 de la pose des huisseries et du mastic.<br>Le rendu est tr\u00e8s sympathique. Mais apr\u00e8s usage, nous nous sommes rendus compte que les pans de la porte-fen\u00eatre ont \u00e9t\u00e9 invers\u00e9s. Cette erreur de montage complique l&#8217;utilisation de la serrure et emp\u00eache l&#8217;ouverture compl\u00e8te de la moustiquaire. Nous serons plus vigilants lors de la commande des prochaines huisseries en pr\u00e9cisant \u00e0 l&#8217;artisan le sens d&#8217;ouverture des pans&#8230;<\/p>\n\n\n\n<figure class=\"wp-block-gallery has-nested-images columns-default is-cropped wp-block-gallery-13 is-layout-flex wp-block-gallery-is-layout-flex\">\n<figure class=\"wp-block-image size-large\"><img loading=\"lazy\" decoding=\"async\" width=\"485\" height=\"1024\" data-id=\"1422\" src=\"https:\/\/mycabanascomestrue.com\/wp-content\/uploads\/2023\/06\/20230320_125932-485x1024.jpg\" alt=\"\" class=\"wp-image-1422\" srcset=\"https:\/\/mycabanascomestrue.com\/wp-content\/uploads\/2023\/06\/20230320_125932-485x1024.jpg 485w, https:\/\/mycabanascomestrue.com\/wp-content\/uploads\/2023\/06\/20230320_125932-142x300.jpg 142w, https:\/\/mycabanascomestrue.com\/wp-content\/uploads\/2023\/06\/20230320_125932-768x1620.jpg 768w, https:\/\/mycabanascomestrue.com\/wp-content\/uploads\/2023\/06\/20230320_125932-728x1536.jpg 728w, https:\/\/mycabanascomestrue.com\/wp-content\/uploads\/2023\/06\/20230320_125932-971x2048.jpg 971w, https:\/\/mycabanascomestrue.com\/wp-content\/uploads\/2023\/06\/20230320_125932-scaled.jpg 1213w\" sizes=\"auto, (max-width: 485px) 100vw, 485px\" \/><\/figure>\n\n\n\n<figure class=\"wp-block-image size-large\"><img loading=\"lazy\" decoding=\"async\" width=\"1024\" height=\"485\" data-id=\"1424\" src=\"https:\/\/mycabanascomestrue.com\/wp-content\/uploads\/2023\/06\/20230320_130021-1024x485.jpg\" alt=\"\" class=\"wp-image-1424\" srcset=\"https:\/\/mycabanascomestrue.com\/wp-content\/uploads\/2023\/06\/20230320_130021-1024x485.jpg 1024w, https:\/\/mycabanascomestrue.com\/wp-content\/uploads\/2023\/06\/20230320_130021-300x142.jpg 300w, https:\/\/mycabanascomestrue.com\/wp-content\/uploads\/2023\/06\/20230320_130021-768x364.jpg 768w, https:\/\/mycabanascomestrue.com\/wp-content\/uploads\/2023\/06\/20230320_130021-1536x728.jpg 1536w, https:\/\/mycabanascomestrue.com\/wp-content\/uploads\/2023\/06\/20230320_130021-2048x971.jpg 2048w\" sizes=\"auto, (max-width: 1024px) 100vw, 1024px\" \/><\/figure>\n<\/figure>\n\n\n\n<p><br><span style=\"text-decoration: underline;\">Co\u00fbt et dur\u00e9e<\/span><\/p>\n\n\n\n<p>560 $ pour les 2 fen\u00eatres + 80 $ pour le d\u00e9placement (157 km) et l&#8217;installation.<br>7 jours, entre la commande et l&#8217;installation.<\/p>\n\n\n\n<div style=\"height:50px\" aria-hidden=\"true\" class=\"wp-block-spacer\"><\/div>\n\n\n\n<p class=\"has-text-align-center\"><strong>PRODUCTION DE L&#8217;EAU CHAUDE<\/strong><\/p>\n\n\n\n<p>Malgr\u00e9 un fort taux d&#8217;ensoleillement journalier et annuel, vous ne trouverez pas de chauffe-eau solaire au Panama. Voici 3 syst\u00e8mes qui vous permettront de produire de l&#8217;eau chaude :<\/p>\n\n\n\n<ul class=\"wp-block-list\">\n<li>Pommeau de douche \u00e9lectrique<br>Avantages : co\u00fbt d&#8217;achat (de 25 \u00e0 55 $ selon le mod\u00e8le) et d&#8217;installation r\u00e9duit, gain de place du syst\u00e8me, pratique si le r\u00e9seau d&#8217;eau chaude n&#8217;a pas \u00e9t\u00e9 pr\u00e9vu initialement lors de la construction.<br>Inconv\u00e9nients : peu esth\u00e9tique, s\u00e9curit\u00e9 incertaine car l&#8217;\u00e9lectricit\u00e9 arrive \u00e0 l&#8217;int\u00e9rieur de la douche.<\/li>\n<\/ul>\n\n\n\n<figure class=\"wp-block-gallery has-nested-images columns-default is-cropped wp-block-gallery-14 is-layout-flex wp-block-gallery-is-layout-flex\"><div class=\"wp-block-image is-style-default\">\n<figure class=\"aligncenter size-large\"><img loading=\"lazy\" decoding=\"async\" width=\"455\" height=\"222\" data-id=\"1404\" src=\"https:\/\/mycabanascomestrue.com\/wp-content\/uploads\/2023\/05\/Pommeau_chauffant_2.jpg\" alt=\"\" class=\"wp-image-1404\" srcset=\"https:\/\/mycabanascomestrue.com\/wp-content\/uploads\/2023\/05\/Pommeau_chauffant_2.jpg 455w, https:\/\/mycabanascomestrue.com\/wp-content\/uploads\/2023\/05\/Pommeau_chauffant_2-300x146.jpg 300w\" sizes=\"auto, (max-width: 455px) 100vw, 455px\" \/><\/figure>\n<\/div>\n\n\n<figure class=\"wp-block-image size-large\"><img loading=\"lazy\" decoding=\"async\" width=\"388\" height=\"447\" data-id=\"1405\" src=\"https:\/\/mycabanascomestrue.com\/wp-content\/uploads\/2023\/05\/Pommeau_chauffant.jpg\" alt=\"\" class=\"wp-image-1405\" srcset=\"https:\/\/mycabanascomestrue.com\/wp-content\/uploads\/2023\/05\/Pommeau_chauffant.jpg 388w, https:\/\/mycabanascomestrue.com\/wp-content\/uploads\/2023\/05\/Pommeau_chauffant-260x300.jpg 260w\" sizes=\"auto, (max-width: 388px) 100vw, 388px\" \/><\/figure>\n<\/figure>\n\n\n\n<ul class=\"wp-block-list\">\n<li>Ballon d&#8217;eau chaude (\u00e9lectrique ou \u00e0 gaz)<br>Avantages : co\u00fbt d&#8217;achat attractif au vu du mat\u00e9riel, syst\u00e8me de mise en s\u00e9curit\u00e9.<br>Inconv\u00e9nients : requi\u00e8re de la place, requi\u00e8re un entretien r\u00e9gulier, risque de fuite, laps de temps de chauffe, consommation limit\u00e9e \u00e0 un nombre de personnes, consommation \u00e9nerg\u00e9tique \u00e9lev\u00e9e.<br><br>Ballon \u00e9lectrique : 190 litres = $340<br>Ballon gaz : 190 litres = $470<br>[Le gaz est subventionn\u00e9 par le gouvernement panam\u00e9en, il est donc attractif en terme de co\u00fbt. Par contre, il n&#8217;y a pas de r\u00e9seau de distribution du gaz au Panama. Le gaz est seulement disponible en bouteille. Pour une bouteille de Tropigas de 12 kg, comptez 70$ de consigne et 4$ de gaz.]<br><\/li>\n<\/ul>\n\n\n\n<figure class=\"wp-block-gallery has-nested-images columns-default is-cropped wp-block-gallery-15 is-layout-flex wp-block-gallery-is-layout-flex\"><div class=\"wp-block-image\">\n<figure class=\"aligncenter size-large\"><img loading=\"lazy\" decoding=\"async\" width=\"200\" height=\"475\" data-id=\"1406\" src=\"https:\/\/mycabanascomestrue.com\/wp-content\/uploads\/2023\/05\/ballon_eau_chaude_grand.jpg\" alt=\"\" class=\"wp-image-1406\" srcset=\"https:\/\/mycabanascomestrue.com\/wp-content\/uploads\/2023\/05\/ballon_eau_chaude_grand.jpg 200w, https:\/\/mycabanascomestrue.com\/wp-content\/uploads\/2023\/05\/ballon_eau_chaude_grand-126x300.jpg 126w\" sizes=\"auto, (max-width: 200px) 100vw, 200px\" \/><\/figure>\n<\/div>\n\n<div class=\"wp-block-image\">\n<figure class=\"aligncenter size-large\"><img loading=\"lazy\" decoding=\"async\" width=\"357\" height=\"477\" data-id=\"1407\" src=\"https:\/\/mycabanascomestrue.com\/wp-content\/uploads\/2023\/05\/ballon_eau_chaude_petit.jpg\" alt=\"\" class=\"wp-image-1407\" srcset=\"https:\/\/mycabanascomestrue.com\/wp-content\/uploads\/2023\/05\/ballon_eau_chaude_petit.jpg 357w, https:\/\/mycabanascomestrue.com\/wp-content\/uploads\/2023\/05\/ballon_eau_chaude_petit-225x300.jpg 225w\" sizes=\"auto, (max-width: 357px) 100vw, 357px\" \/><\/figure>\n<\/div><\/figure>\n\n\n\n<ul class=\"wp-block-list\">\n<li>Chauffe-eau (\u00e9lectrique ou \u00e0 gaz)<br>Avantages : gain de place, syst\u00e8me de mise en s\u00e9curit\u00e9, pas d&#8217;entretien particulier, chauffe imm\u00e9diate.<br>Inconv\u00e9nients : co\u00fbt \u00e9lev\u00e9, consommation \u00e9nerg\u00e9tique \u00e9lev\u00e9e.<br><br>Chauffe-eau \u00e9lectrique : 15 litres = 250$<br>Chauffe-eau gaz : 15 litres = 200$<br>[Le gaz est subventionn\u00e9 par le gouvernement panam\u00e9en, il est donc attractif en terme de co\u00fbt. Par contre, il n&#8217;y a pas de r\u00e9seau de distribution du gaz au Panama. Le gaz est seulement disponible en bouteille. Pour une bouteille de Tropigas de 12 kg, comptez 70$ de consigne et 4$ de gaz.]<\/li>\n<\/ul>\n\n\n\n<div style=\"height:10px\" aria-hidden=\"true\" class=\"wp-block-spacer\"><\/div>\n\n\n\n<p>Pour cette cabane, nous avons opt\u00e9 pour un chauffe-eau \u00e9lectrique. C&#8217;est vraiment top ! L&#8217;installation est facile et sa petite taille est un vrai atout dans les petits espaces. Toutefois, pour les prochaines cabanes, nous opterons pour la version \u00e0 gaz. Car le chauffe-eau est un gros consommateur d&#8217;\u00e9nergie et qu&#8217;au Panama, le gaz s&#8217;av\u00e8re beaucoup moins cher que l&#8217;\u00e9lectricit\u00e9.<\/p>\n\n\n<div class=\"wp-block-image\">\n<figure class=\"aligncenter size-large\"><img loading=\"lazy\" decoding=\"async\" width=\"1024\" height=\"1024\" src=\"https:\/\/mycabanascomestrue.com\/wp-content\/uploads\/2023\/05\/20230528_114341-1024x1024.jpg\" alt=\"\" class=\"wp-image-1408\" srcset=\"https:\/\/mycabanascomestrue.com\/wp-content\/uploads\/2023\/05\/20230528_114341-1024x1024.jpg 1024w, https:\/\/mycabanascomestrue.com\/wp-content\/uploads\/2023\/05\/20230528_114341-300x300.jpg 300w, https:\/\/mycabanascomestrue.com\/wp-content\/uploads\/2023\/05\/20230528_114341-150x150.jpg 150w, https:\/\/mycabanascomestrue.com\/wp-content\/uploads\/2023\/05\/20230528_114341-768x768.jpg 768w, https:\/\/mycabanascomestrue.com\/wp-content\/uploads\/2023\/05\/20230528_114341-1536x1536.jpg 1536w, https:\/\/mycabanascomestrue.com\/wp-content\/uploads\/2023\/05\/20230528_114341-2048x2048.jpg 2048w\" sizes=\"auto, (max-width: 1024px) 100vw, 1024px\" \/><figcaption class=\"wp-element-caption\">Chauffe-eau install\u00e9 dans une boite de protection herm\u00e9tique car nous l&#8217;avons accroch\u00e9 derri\u00e8re la douche d&#8217;ext\u00e9rieure<\/figcaption><\/figure>\n<\/div>\n\n\n<div style=\"height:49px\" aria-hidden=\"true\" class=\"wp-block-spacer\"><\/div>\n\n\n\n<p class=\"has-text-align-center\"><strong>TRAITEMENT DES EAUX US\u00c9ES<\/strong><\/p>\n\n\n\n<p>\u00c0 ce jour, le Panama compte <a rel=\"noreferrer noopener\" href=\"https:\/\/www.saneamientodepanama.gob.pa\/\" data-type=\"URL\" data-id=\"https:\/\/www.saneamientodepanama.gob.pa\/\" target=\"_blank\">183 km de r\u00e9seaux d&#8217;\u00e9gouts sanitaires<\/a>. C&#8217;est tr\u00e8s peu et la Sunset Coast fait partie des endroits o\u00f9 il n&#8217;y en a pas du tout. De ce fait, il faut installer un syst\u00e8me pour \u00e9vacuer et traiter ses eaux us\u00e9es. <\/p>\n\n\n\n<p>En France, j&#8217;ai d\u00e9couvert et adh\u00e9r\u00e9 totalement \u00e0 la phyto \u00e9puration, un proc\u00e9d\u00e9 d&#8217;assainissement naturel des eaux us\u00e9es. J&#8217;ai donc cherch\u00e9 un fournisseur et installateur au Panama. Douche froide ! Il n&#8217;existe pas, \u00e0 ce jour, de fournisseurs de ce syst\u00e8me au Panama. Quelques projets sont conduits mais pour le moment rien n&#8217;est commercialis\u00e9.<\/p>\n\n\n\n<p>Nous nous sommes alors int\u00e9ress\u00e9s aux microstations d&#8217;\u00e9puration. Une fois encore, douche froide ! Ce syst\u00e8me est vendu depuis peu de temps par 1 ou 2 fournisseurs \u00e9trangers, tel que <a href=\"https:\/\/evgpanama.com\/\" data-type=\"URL\" data-id=\"https:\/\/evgpanama.com\/\" target=\"_blank\" rel=\"noreferrer noopener\">ECO VISION GROUP<\/a>. M\u00e9connu des panam\u00e9ens, donc peu sollicit\u00e9, l&#8217;achat et l&#8217;installation sont tr\u00e8s chers.<\/p>\n\n\n\n<p>En attendant que ces syst\u00e8mes se d\u00e9mocratisent au Panama, nous n&#8217;avons pas eu d&#8217;autres choix que d&#8217;installer une fosse septique avec \u00e9pandage :<\/p>\n\n\n\n<figure class=\"wp-block-image size-large is-resized\"><img loading=\"lazy\" decoding=\"async\" src=\"https:\/\/mycabanascomestrue.com\/wp-content\/uploads\/2023\/06\/Capture_fosse-septique-1024x587.jpg\" alt=\"\" class=\"wp-image-1439\" width=\"840\" height=\"481\" srcset=\"https:\/\/mycabanascomestrue.com\/wp-content\/uploads\/2023\/06\/Capture_fosse-septique-1024x587.jpg 1024w, https:\/\/mycabanascomestrue.com\/wp-content\/uploads\/2023\/06\/Capture_fosse-septique-300x172.jpg 300w, https:\/\/mycabanascomestrue.com\/wp-content\/uploads\/2023\/06\/Capture_fosse-septique-768x440.jpg 768w, https:\/\/mycabanascomestrue.com\/wp-content\/uploads\/2023\/06\/Capture_fosse-septique-1536x880.jpg 1536w, https:\/\/mycabanascomestrue.com\/wp-content\/uploads\/2023\/06\/Capture_fosse-septique.jpg 1616w\" sizes=\"auto, (max-width: 840px) 100vw, 840px\" \/><\/figure>\n\n\n\n<div style=\"height:10px\" aria-hidden=\"true\" class=\"wp-block-spacer\"><\/div>\n\n\n\n<p>Cette fosse septique servira aux trois premi\u00e8res cabanes. Nous avons donc pr\u00e9vu l&#8217;installation des tubes, des regards&#8230; pour la cabane 2 et la cabane 3.<\/p>\n\n\n\n<p><span style=\"text-decoration: underline;\">Co\u00fbt et dur\u00e9e<\/span><\/p>\n\n\n\n<p>2 675 $ tout compris : la fosse, la pr\u00e9paration du terrain, l&#8217;installation des tubes, des regards, de la fosse et la conception de l&#8217;\u00e9pandage.<br>7 jours.<\/p>\n\n\n\n<div style=\"height:50px\" aria-hidden=\"true\" class=\"wp-block-spacer\"><\/div>\n\n\n\n<p class=\"has-text-align-center\"><strong>ACCES INTERNET<\/strong><\/p>\n\n\n\n<p>\u00c0 la maison, nous avons fait installer la fibre qui est fourni par un op\u00e9rateur local ne d\u00e9pendant pas d&#8217;une grande enseigne telle que <a rel=\"noreferrer noopener\" href=\"https:\/\/www.masmovilpanama.com\/residencial\/paquetes-internet?gclid=CjwKCAjwpuajBhBpEiwA_ZtfhZ0VoMB60rkVl255pbFgzDBnYNLtTaaZ9o2slqFPU6Fb76OnDZOsERoCTrQQAvD_BwE\" data-type=\"URL\" data-id=\"https:\/\/www.masmovilpanama.com\/residencial\/paquetes-internet?gclid=CjwKCAjwpuajBhBpEiwA_ZtfhZ0VoMB60rkVl255pbFgzDBnYNLtTaaZ9o2slqFPU6Fb76OnDZOsERoCTrQQAvD_BwE\" target=\"_blank\">+MOVIL<\/a> (voir notre article &#8220;Mini fiche &#8211; R\u00e9seau et acc\u00e8s \u00e0 Internet&#8221;). Nous avions le choix entre 2 op\u00e9rateurs, nous avons choisi celui avec le meilleur rapport performance \/ prix, soit 20 m\u00e9gas sym\u00e9triques \u00e0 95$ HT par mois (TVA \u00e0 7%).<\/p>\n\n\n<div class=\"wp-block-image\">\n<figure class=\"alignright size-large is-resized\"><img loading=\"lazy\" decoding=\"async\" src=\"https:\/\/mycabanascomestrue.com\/wp-content\/uploads\/2023\/06\/20230603_071208-1-590x1024.jpg\" alt=\"\" class=\"wp-image-1453\" width=\"295\" height=\"512\" srcset=\"https:\/\/mycabanascomestrue.com\/wp-content\/uploads\/2023\/06\/20230603_071208-1-590x1024.jpg 590w, https:\/\/mycabanascomestrue.com\/wp-content\/uploads\/2023\/06\/20230603_071208-1-173x300.jpg 173w, https:\/\/mycabanascomestrue.com\/wp-content\/uploads\/2023\/06\/20230603_071208-1-768x1332.jpg 768w, https:\/\/mycabanascomestrue.com\/wp-content\/uploads\/2023\/06\/20230603_071208-1-886x1536.jpg 886w, https:\/\/mycabanascomestrue.com\/wp-content\/uploads\/2023\/06\/20230603_071208-1-1181x2048.jpg 1181w, https:\/\/mycabanascomestrue.com\/wp-content\/uploads\/2023\/06\/20230603_071208-1-scaled.jpg 1476w\" sizes=\"auto, (max-width: 295px) 100vw, 295px\" \/><\/figure>\n<\/div>\n\n\n<p>Pour l&#8217;installation \u00e0 la cabane, Sylvain a tir\u00e9 une ligne RJ45 depuis le routeur de la maison pour connecter une borne wifi. Le c\u00e2ble RJ45 se trouve facilement dans les magasins de bricolage tel que <a rel=\"noreferrer noopener\" href=\"https:\/\/www.novey.com.pa\/?utm_source=PaidSearch&amp;utm_medium=cpa&amp;utm_campaign=marca&amp;utm_content=performly&amp;utm_term={novey}&amp;gclid=CjwKCAjwpuajBhBpEiwA_ZtfhbQJtml3GiYbbBr7GQpOh3EqY9fv-R-1fqgo9XdtiPqsPlW0o6WUvhoCORAQAvD_BwE\" data-type=\"URL\" data-id=\"https:\/\/www.novey.com.pa\/?utm_source=PaidSearch&amp;utm_medium=cpa&amp;utm_campaign=marca&amp;utm_content=performly&amp;utm_term={novey}&amp;gclid=CjwKCAjwpuajBhBpEiwA_ZtfhbQJtml3GiYbbBr7GQpOh3EqY9fv-R-1fqgo9XdtiPqsPlW0o6WUvhoCORAQAvD_BwE\" target=\"_blank\">NOVEY<\/a>. Ce c\u00e2ble n&#8217;est pas de super qualit\u00e9 mais il fait le job ! Nous avons achet\u00e9 la <a rel=\"noreferrer noopener\" href=\"https:\/\/www.amazon.com\/TP-Link-EAP110-Outdoor-V3-Installation-Controller\/dp\/B07CG3YRTR\/ref=sr_1_1?crid=JTHNRGYVWFF1&amp;keywords=tp+link+eap110-outdoor&amp;qid=1685751433&amp;sprefix=tp+link+eap110%2Caps%2C175&amp;sr=8-1\" data-type=\"URL\" data-id=\"https:\/\/www.amazon.com\/TP-Link-EAP110-Outdoor-V3-Installation-Controller\/dp\/B07CG3YRTR\/ref=sr_1_1?crid=JTHNRGYVWFF1&amp;keywords=tp+link+eap110-outdoor&amp;qid=1685751433&amp;sprefix=tp+link+eap110%2Caps%2C175&amp;sr=8-1\" target=\"_blank\">borne wifi sur amazon.com<\/a> car nous recherchions des sp\u00e9cificit\u00e9s que nous ne trouvions pas au Panama, \u00e0 savoir :<\/p>\n\n\n\n<ul class=\"wp-block-list\">\n<li>installation en ext\u00e9rieur<\/li>\n\n\n\n<li>capacit\u00e9 de limiter le d\u00e9bit pour les utilisateurs connect\u00e9s \u00e0 la borne (QOS)<\/li>\n<\/ul>\n\n\n\n<p>Le r\u00e9seau des clients est isol\u00e9 du r\u00e9seau de la maison pour qu&#8217;ils n&#8217;aient pas acc\u00e8s \u00e0 nos \u00e9l\u00e9ments personnels. Si le signal est suffisant, cette borne sera utilis\u00e9e pour la deuxi\u00e8me cabane. Sylvain a donc param\u00e9tr\u00e9 la borne pour que les clients qui se connectent \u00e0 la m\u00eame borne ne se voient pas entre eux.<\/p>\n\n\n\n<p>Il a \u00e9galement limit\u00e9 le d\u00e9bit \u00e0 5 m\u00e9gas pour que nous puissions conserver une grosse partie du d\u00e9bit pour notre usage personnel.<\/p>\n\n\n\n<p><span style=\"text-decoration: underline;\">Co\u00fbt et dur\u00e9e<\/span><\/p>\n\n\n\n<p>115 $ tout compris : borne, c\u00e2ble, pince \u00e0 sertir et embouts.<br>1 jour et demi pour creuser la tranch\u00e9e de 90 m\u00e8tres + 0,5 jour pour l&#8217;installation du c\u00e2ble et de la borne + 2 heures pour le param\u00e9trage de la borne.<\/p>\n\n\n\n<div style=\"height:50px\" aria-hidden=\"true\" class=\"wp-block-spacer\"><\/div>\n\n\n\n<p class=\"has-text-align-center\"><strong>EQUIPEMENT ET DECORATION<\/strong><\/p>\n\n\n\n<p>Le moment que je pr\u00e9f\u00e8re \ud83d\ude42 <\/p>\n\n\n\n<p>Bien que trouver de la d\u00e9coration moderne et de bonne qualit\u00e9 (fabrication non chinoise, mati\u00e8re coton, lin&#8230;) rel\u00e8ve parfois du parcours du combattant. Une enseigne ne suffira pas \u00e0 combler vos d\u00e9sirs. J&#8217;ai pass\u00e9 beaucoup de temps sur Internet \u00e0 rechercher mes articles et \u00e0 comparer les prix.<\/p>\n\n\n\n<p>Hormis chez <a rel=\"noreferrer noopener\" href=\"https:\/\/aliss.com.pa\/\" data-type=\"URL\" data-id=\"https:\/\/aliss.com.pa\/\" target=\"_blank\">ALISS<\/a>, la d\u00e9coration et l&#8217;ameublement moderne est assez cher et est vendu seulement dans des enseignes \u00e0 Panama City. Dans ces cas l\u00e0, je me suis souvent redirig\u00e9e vers amazon.com : coussins 75&#215;75 cm avec rembourrage naturel, cache-sommier en lin de couleur terracotta, double porte-serviettes en acier inoxydable noir mat, tapis d&#8217;ext\u00e9rieur \u00e0 la dimension ad\u00e9quate, coussins imperm\u00e9ables pour les chaises ext\u00e9rieures&#8230;<\/p>\n\n\n\n<p>Voici un exemple de produits que nous avons achet\u00e9 en dehors du Panama et qui fait envie \u00e0 nos voisins : la colonne de douche avec t\u00eate de douche, douchette et mitigeur thermostatique. Au Panama, vous en trouverez seulement dans des enseignes sp\u00e9cialis\u00e9es \u00e0 Panama City, telle que <a rel=\"noreferrer noopener\" href=\"https:\/\/www.elmec.com.pa\/search?options%5Bprefix%5D=last&amp;page=1&amp;q=barra+de+ducha&amp;type=product%2Carticle\" data-type=\"URL\" data-id=\"https:\/\/www.elmec.com.pa\/search?options%5Bprefix%5D=last&amp;page=1&amp;q=barra+de+ducha&amp;type=product%2Carticle\" target=\"_blank\">ELMEC<\/a>. Il y aura seulement quelques mod\u00e8les disponibles et le prix d\u00e9butera \u00e0 350$.<br>Hors de question d&#8217;installer un syst\u00e8me de douche \u00e0 l&#8217;am\u00e9ricaine ! Pour la maison, nous les avions achet\u00e9 en France et ramen\u00e9 avec nous. Pour la cabane, nous avons trouv\u00e9 un mod\u00e8le tr\u00e8s sympas, adapt\u00e9 \u00e0 l&#8217;ext\u00e9rieur, \u00e0 150$ : <\/p>\n\n\n<div class=\"wp-block-image\">\n<figure class=\"aligncenter size-full is-resized\"><a href=\"https:\/\/www.amazon.com\/dp\/B092CW29B2\/ref=emc_b_5_i?th=1\" target=\"_blank\" rel=\"noreferrer noopener\"><img loading=\"lazy\" decoding=\"async\" src=\"https:\/\/mycabanascomestrue.com\/wp-content\/uploads\/2023\/06\/Capture_douche.jpg\" alt=\"\" class=\"wp-image-1468\" width=\"379\" height=\"392\" srcset=\"https:\/\/mycabanascomestrue.com\/wp-content\/uploads\/2023\/06\/Capture_douche.jpg 757w, https:\/\/mycabanascomestrue.com\/wp-content\/uploads\/2023\/06\/Capture_douche-290x300.jpg 290w\" sizes=\"auto, (max-width: 379px) 100vw, 379px\" \/><\/a><\/figure>\n<\/div>\n\n\n<div style=\"height:10px\" aria-hidden=\"true\" class=\"wp-block-spacer\"><\/div>\n\n\n\n<p>Quant \u00e0 la d\u00e9coration typique des tribus Ember\u00e1 et Kuna, je l&#8217;ai achet\u00e9 dans les magasins de souvenirs du Casco Viejo. Ce sont des cr\u00e9ations originales r\u00e9alis\u00e9es par les tribus elles-m\u00eames, vous pouvez en acheter sans h\u00e9siter :<\/p>\n\n\n\n<figure class=\"wp-block-gallery has-nested-images columns-default is-cropped wp-block-gallery-16 is-layout-flex wp-block-gallery-is-layout-flex\">\n<figure class=\"wp-block-image size-large\"><img loading=\"lazy\" decoding=\"async\" width=\"1024\" height=\"1024\" data-id=\"1473\" src=\"https:\/\/mycabanascomestrue.com\/wp-content\/uploads\/2023\/06\/20230420_170654-1024x1024.jpg\" alt=\"\" class=\"wp-image-1473\" srcset=\"https:\/\/mycabanascomestrue.com\/wp-content\/uploads\/2023\/06\/20230420_170654-1024x1024.jpg 1024w, https:\/\/mycabanascomestrue.com\/wp-content\/uploads\/2023\/06\/20230420_170654-300x300.jpg 300w, https:\/\/mycabanascomestrue.com\/wp-content\/uploads\/2023\/06\/20230420_170654-150x150.jpg 150w, https:\/\/mycabanascomestrue.com\/wp-content\/uploads\/2023\/06\/20230420_170654-768x768.jpg 768w, https:\/\/mycabanascomestrue.com\/wp-content\/uploads\/2023\/06\/20230420_170654-1536x1536.jpg 1536w, https:\/\/mycabanascomestrue.com\/wp-content\/uploads\/2023\/06\/20230420_170654-2048x2048.jpg 2048w\" sizes=\"auto, (max-width: 1024px) 100vw, 1024px\" \/><\/figure>\n\n\n\n<figure class=\"wp-block-image size-large\"><img loading=\"lazy\" decoding=\"async\" width=\"1024\" height=\"576\" data-id=\"1472\" src=\"https:\/\/mycabanascomestrue.com\/wp-content\/uploads\/2023\/06\/20230422_121825-1024x576.jpg\" alt=\"\" class=\"wp-image-1472\" srcset=\"https:\/\/mycabanascomestrue.com\/wp-content\/uploads\/2023\/06\/20230422_121825-1024x576.jpg 1024w, https:\/\/mycabanascomestrue.com\/wp-content\/uploads\/2023\/06\/20230422_121825-300x169.jpg 300w, https:\/\/mycabanascomestrue.com\/wp-content\/uploads\/2023\/06\/20230422_121825-768x432.jpg 768w, https:\/\/mycabanascomestrue.com\/wp-content\/uploads\/2023\/06\/20230422_121825-1536x864.jpg 1536w, https:\/\/mycabanascomestrue.com\/wp-content\/uploads\/2023\/06\/20230422_121825-2048x1152.jpg 2048w\" sizes=\"auto, (max-width: 1024px) 100vw, 1024px\" \/><\/figure>\n\n\n\n<figure class=\"wp-block-image size-large\"><img loading=\"lazy\" decoding=\"async\" width=\"1024\" height=\"1024\" data-id=\"1471\" src=\"https:\/\/mycabanascomestrue.com\/wp-content\/uploads\/2023\/06\/20230420_174349-1024x1024.jpg\" alt=\"\" class=\"wp-image-1471\" srcset=\"https:\/\/mycabanascomestrue.com\/wp-content\/uploads\/2023\/06\/20230420_174349-1024x1024.jpg 1024w, https:\/\/mycabanascomestrue.com\/wp-content\/uploads\/2023\/06\/20230420_174349-300x300.jpg 300w, https:\/\/mycabanascomestrue.com\/wp-content\/uploads\/2023\/06\/20230420_174349-150x150.jpg 150w, https:\/\/mycabanascomestrue.com\/wp-content\/uploads\/2023\/06\/20230420_174349-768x768.jpg 768w, https:\/\/mycabanascomestrue.com\/wp-content\/uploads\/2023\/06\/20230420_174349-1536x1536.jpg 1536w, https:\/\/mycabanascomestrue.com\/wp-content\/uploads\/2023\/06\/20230420_174349-2048x2048.jpg 2048w\" sizes=\"auto, (max-width: 1024px) 100vw, 1024px\" \/><\/figure>\n<\/figure>\n\n\n\n<div style=\"height:10px\" aria-hidden=\"true\" class=\"wp-block-spacer\"><\/div>\n\n\n\n<p>Pour r\u00e9duire les co\u00fbts et apporter une touche naturelle \u00e0 l&#8217;int\u00e9rieur de la cabane, nous avons fabriqu\u00e9 90% du mobilier : dressing, \u00e9tag\u00e8res, tablettes, table de chevet, kitchenette, meuble sous vasque, support \u00e0 papier toilette, table \u00e0 manger&#8230; La plage s&#8217;av\u00e8re \u00eatre une vraie mine d&#8217;or pour la cr\u00e9ation.<\/p>\n\n\n\n<figure class=\"wp-block-gallery has-nested-images columns-default is-cropped wp-block-gallery-17 is-layout-flex wp-block-gallery-is-layout-flex\">\n<figure class=\"wp-block-image size-large\"><img loading=\"lazy\" decoding=\"async\" width=\"768\" height=\"1024\" data-id=\"1465\" src=\"https:\/\/mycabanascomestrue.com\/wp-content\/uploads\/2023\/06\/20230422_122213-768x1024.jpg\" alt=\"\" class=\"wp-image-1465\" srcset=\"https:\/\/mycabanascomestrue.com\/wp-content\/uploads\/2023\/06\/20230422_122213-768x1024.jpg 768w, https:\/\/mycabanascomestrue.com\/wp-content\/uploads\/2023\/06\/20230422_122213-225x300.jpg 225w, https:\/\/mycabanascomestrue.com\/wp-content\/uploads\/2023\/06\/20230422_122213-1152x1536.jpg 1152w, https:\/\/mycabanascomestrue.com\/wp-content\/uploads\/2023\/06\/20230422_122213-1536x2048.jpg 1536w, https:\/\/mycabanascomestrue.com\/wp-content\/uploads\/2023\/06\/20230422_122213-scaled.jpg 1920w\" sizes=\"auto, (max-width: 768px) 100vw, 768px\" \/><\/figure>\n\n\n\n<figure class=\"wp-block-image size-large\"><img loading=\"lazy\" decoding=\"async\" width=\"1024\" height=\"733\" data-id=\"1461\" src=\"https:\/\/mycabanascomestrue.com\/wp-content\/uploads\/2023\/06\/20230422_122344-1024x733.jpg\" alt=\"\" class=\"wp-image-1461\" srcset=\"https:\/\/mycabanascomestrue.com\/wp-content\/uploads\/2023\/06\/20230422_122344-1024x733.jpg 1024w, https:\/\/mycabanascomestrue.com\/wp-content\/uploads\/2023\/06\/20230422_122344-300x215.jpg 300w, https:\/\/mycabanascomestrue.com\/wp-content\/uploads\/2023\/06\/20230422_122344-768x550.jpg 768w, https:\/\/mycabanascomestrue.com\/wp-content\/uploads\/2023\/06\/20230422_122344-1536x1100.jpg 1536w, https:\/\/mycabanascomestrue.com\/wp-content\/uploads\/2023\/06\/20230422_122344-2048x1467.jpg 2048w\" sizes=\"auto, (max-width: 1024px) 100vw, 1024px\" \/><\/figure>\n\n\n\n<figure class=\"wp-block-image size-large\"><img loading=\"lazy\" decoding=\"async\" width=\"1024\" height=\"1024\" data-id=\"1464\" src=\"https:\/\/mycabanascomestrue.com\/wp-content\/uploads\/2023\/06\/20230422_123452-1024x1024.jpg\" alt=\"\" class=\"wp-image-1464\" srcset=\"https:\/\/mycabanascomestrue.com\/wp-content\/uploads\/2023\/06\/20230422_123452-1024x1024.jpg 1024w, https:\/\/mycabanascomestrue.com\/wp-content\/uploads\/2023\/06\/20230422_123452-300x300.jpg 300w, https:\/\/mycabanascomestrue.com\/wp-content\/uploads\/2023\/06\/20230422_123452-150x150.jpg 150w, https:\/\/mycabanascomestrue.com\/wp-content\/uploads\/2023\/06\/20230422_123452-768x768.jpg 768w, https:\/\/mycabanascomestrue.com\/wp-content\/uploads\/2023\/06\/20230422_123452-1536x1536.jpg 1536w, https:\/\/mycabanascomestrue.com\/wp-content\/uploads\/2023\/06\/20230422_123452-2048x2048.jpg 2048w\" sizes=\"auto, (max-width: 1024px) 100vw, 1024px\" \/><\/figure>\n\n\n\n<figure class=\"wp-block-image size-large\"><img loading=\"lazy\" decoding=\"async\" width=\"1024\" height=\"576\" data-id=\"1460\" src=\"https:\/\/mycabanascomestrue.com\/wp-content\/uploads\/2023\/06\/20230422_122804-1024x576.jpg\" alt=\"\" class=\"wp-image-1460\" srcset=\"https:\/\/mycabanascomestrue.com\/wp-content\/uploads\/2023\/06\/20230422_122804-1024x576.jpg 1024w, https:\/\/mycabanascomestrue.com\/wp-content\/uploads\/2023\/06\/20230422_122804-300x169.jpg 300w, https:\/\/mycabanascomestrue.com\/wp-content\/uploads\/2023\/06\/20230422_122804-768x432.jpg 768w, https:\/\/mycabanascomestrue.com\/wp-content\/uploads\/2023\/06\/20230422_122804-1536x864.jpg 1536w, https:\/\/mycabanascomestrue.com\/wp-content\/uploads\/2023\/06\/20230422_122804-2048x1152.jpg 2048w\" sizes=\"auto, (max-width: 1024px) 100vw, 1024px\" \/><\/figure>\n\n\n\n<figure class=\"wp-block-image size-large\"><img loading=\"lazy\" decoding=\"async\" width=\"1024\" height=\"1024\" data-id=\"1463\" src=\"https:\/\/mycabanascomestrue.com\/wp-content\/uploads\/2023\/06\/20230422_122909-1024x1024.jpg\" alt=\"\" class=\"wp-image-1463\" srcset=\"https:\/\/mycabanascomestrue.com\/wp-content\/uploads\/2023\/06\/20230422_122909-1024x1024.jpg 1024w, https:\/\/mycabanascomestrue.com\/wp-content\/uploads\/2023\/06\/20230422_122909-300x300.jpg 300w, https:\/\/mycabanascomestrue.com\/wp-content\/uploads\/2023\/06\/20230422_122909-150x150.jpg 150w, https:\/\/mycabanascomestrue.com\/wp-content\/uploads\/2023\/06\/20230422_122909-768x768.jpg 768w, https:\/\/mycabanascomestrue.com\/wp-content\/uploads\/2023\/06\/20230422_122909-1536x1536.jpg 1536w, https:\/\/mycabanascomestrue.com\/wp-content\/uploads\/2023\/06\/20230422_122909-2048x2048.jpg 2048w\" sizes=\"auto, (max-width: 1024px) 100vw, 1024px\" \/><\/figure>\n\n\n\n<figure class=\"wp-block-image size-large\"><img loading=\"lazy\" decoding=\"async\" width=\"1024\" height=\"1024\" data-id=\"1462\" src=\"https:\/\/mycabanascomestrue.com\/wp-content\/uploads\/2023\/06\/20230422_123019-1024x1024.jpg\" alt=\"\" class=\"wp-image-1462\" srcset=\"https:\/\/mycabanascomestrue.com\/wp-content\/uploads\/2023\/06\/20230422_123019-1024x1024.jpg 1024w, https:\/\/mycabanascomestrue.com\/wp-content\/uploads\/2023\/06\/20230422_123019-300x300.jpg 300w, https:\/\/mycabanascomestrue.com\/wp-content\/uploads\/2023\/06\/20230422_123019-150x150.jpg 150w, https:\/\/mycabanascomestrue.com\/wp-content\/uploads\/2023\/06\/20230422_123019-768x768.jpg 768w, https:\/\/mycabanascomestrue.com\/wp-content\/uploads\/2023\/06\/20230422_123019-1536x1536.jpg 1536w, https:\/\/mycabanascomestrue.com\/wp-content\/uploads\/2023\/06\/20230422_123019-2048x2048.jpg 2048w\" sizes=\"auto, (max-width: 1024px) 100vw, 1024px\" \/><\/figure>\n<\/figure>\n\n\n\n<div style=\"height:10px\" aria-hidden=\"true\" class=\"wp-block-spacer\"><\/div>\n\n\n\n<p>Depuis quelques jours, j&#8217;ai commenc\u00e9 l&#8217;am\u00e9nagement paysager. Je plante les pieds de moringa que j&#8217;ai fait germer, les pieds de bananiers et d&#8217;heliconia que j&#8217;ai d\u00e9plac\u00e9, les pieds de vetiver que j&#8217;ai achet\u00e9 \u00e0 un voisin et plein d&#8217;autres plantes que j&#8217;ai achet\u00e9 \u00e0 des fleuristes locaux (voir notre article &#8220;Mini fiche &#8211; Mon jardin au Panama&#8221;.<\/p>\n\n\n\n<p><span style=\"text-decoration: underline;\">Co\u00fbt et dur\u00e9e<\/span><\/p>\n\n\n\n<p>1 600 $ pour l&#8217;\u00e9quipement + 220 $ pour la d\u00e9coration + 120 $ pour l&#8217;am\u00e9nagement paysager int\u00e9rieur et ext\u00e9rieur.<br>7 jours pour la fabrication des meubles sur-mesure, l&#8217;installation du mobilier, de l&#8217;\u00e9quipement et de la d\u00e9coration.<\/p>\n\n\n\n<div style=\"height:50px\" aria-hidden=\"true\" class=\"wp-block-spacer\"><\/div>\n\n\n\n<hr class=\"wp-block-separator has-alpha-channel-opacity\"\/>\n\n\n\n<p class=\"has-text-align-center\">Co\u00fbt total : 15 000 $, soit 470 $ le m\u00e8tre carr\u00e9.<\/p>\n\n\n\n<p class=\"has-text-align-center\">Dur\u00e9e totale : 8 mois.<\/p>\n\n\n\n<hr class=\"wp-block-separator has-alpha-channel-opacity\"\/>\n\n\n\n<div style=\"height:50px\" aria-hidden=\"true\" class=\"wp-block-spacer\"><\/div>\n\n\n\n<p class=\"has-text-align-center\"><strong>Nous sommes tr\u00e8s fiers de notre premi\u00e8re construction <\/strong><br><strong>et les premiers clients sont enchant\u00e9s de leur s\u00e9jour.<\/strong><\/p>\n\n\n\n<p class=\"has-text-align-center\">Si vous aussi vous voulez d\u00e9couvrir la Sunset Coast,<br>r\u00e9servez votre s\u00e9jour insolite sur le <a rel=\"noreferrer noopener\" href=\"https:\/\/mycabanascomestrue.com\/index.php\/2022\/11\/03\/rex-homologation-de-nos-permis-de-conduire-francais\/\" data-type=\"URL\" data-id=\"https:\/\/mycabanascomestrue.com\/index.php\/2022\/11\/03\/rex-homologation-de-nos-permis-de-conduire-francais\/\" target=\"_blank\"><strong>site de La Loma del Mango<\/strong><\/a>.<\/p>\n\n\n\n<figure class=\"wp-block-gallery has-nested-images columns-default is-cropped wp-block-gallery-18 is-layout-flex wp-block-gallery-is-layout-flex\">\n<figure class=\"wp-block-image size-large\"><img loading=\"lazy\" decoding=\"async\" width=\"1024\" height=\"1024\" data-id=\"1474\" src=\"https:\/\/mycabanascomestrue.com\/wp-content\/uploads\/2023\/06\/20230422_121736-1024x1024.jpg\" alt=\"\" class=\"wp-image-1474\" srcset=\"https:\/\/mycabanascomestrue.com\/wp-content\/uploads\/2023\/06\/20230422_121736-1024x1024.jpg 1024w, https:\/\/mycabanascomestrue.com\/wp-content\/uploads\/2023\/06\/20230422_121736-300x300.jpg 300w, https:\/\/mycabanascomestrue.com\/wp-content\/uploads\/2023\/06\/20230422_121736-150x150.jpg 150w, https:\/\/mycabanascomestrue.com\/wp-content\/uploads\/2023\/06\/20230422_121736-768x768.jpg 768w, https:\/\/mycabanascomestrue.com\/wp-content\/uploads\/2023\/06\/20230422_121736-1536x1536.jpg 1536w, https:\/\/mycabanascomestrue.com\/wp-content\/uploads\/2023\/06\/20230422_121736-2048x2048.jpg 2048w\" sizes=\"auto, (max-width: 1024px) 100vw, 1024px\" \/><\/figure>\n\n\n\n<figure class=\"wp-block-image size-large\"><img loading=\"lazy\" decoding=\"async\" width=\"1024\" height=\"1024\" data-id=\"1475\" src=\"https:\/\/mycabanascomestrue.com\/wp-content\/uploads\/2023\/06\/20230422_123846-1024x1024.jpg\" alt=\"\" class=\"wp-image-1475\" srcset=\"https:\/\/mycabanascomestrue.com\/wp-content\/uploads\/2023\/06\/20230422_123846-1024x1024.jpg 1024w, https:\/\/mycabanascomestrue.com\/wp-content\/uploads\/2023\/06\/20230422_123846-300x300.jpg 300w, https:\/\/mycabanascomestrue.com\/wp-content\/uploads\/2023\/06\/20230422_123846-150x150.jpg 150w, https:\/\/mycabanascomestrue.com\/wp-content\/uploads\/2023\/06\/20230422_123846-768x768.jpg 768w, https:\/\/mycabanascomestrue.com\/wp-content\/uploads\/2023\/06\/20230422_123846-1536x1536.jpg 1536w, https:\/\/mycabanascomestrue.com\/wp-content\/uploads\/2023\/06\/20230422_123846-2048x2048.jpg 2048w\" sizes=\"auto, (max-width: 1024px) 100vw, 1024px\" \/><\/figure>\n\n\n\n<figure class=\"wp-block-image size-large\"><img loading=\"lazy\" decoding=\"async\" width=\"1024\" height=\"768\" data-id=\"1476\" src=\"https:\/\/mycabanascomestrue.com\/wp-content\/uploads\/2023\/06\/20230422_185038-1024x768.jpg\" alt=\"\" class=\"wp-image-1476\" srcset=\"https:\/\/mycabanascomestrue.com\/wp-content\/uploads\/2023\/06\/20230422_185038-1024x768.jpg 1024w, https:\/\/mycabanascomestrue.com\/wp-content\/uploads\/2023\/06\/20230422_185038-300x225.jpg 300w, https:\/\/mycabanascomestrue.com\/wp-content\/uploads\/2023\/06\/20230422_185038-768x576.jpg 768w, https:\/\/mycabanascomestrue.com\/wp-content\/uploads\/2023\/06\/20230422_185038-1536x1152.jpg 1536w, https:\/\/mycabanascomestrue.com\/wp-content\/uploads\/2023\/06\/20230422_185038-2048x1536.jpg 2048w, https:\/\/mycabanascomestrue.com\/wp-content\/uploads\/2023\/06\/20230422_185038-600x450.jpg 600w\" sizes=\"auto, (max-width: 1024px) 100vw, 1024px\" \/><\/figure>\n<\/figure>\n","protected":false},"excerpt":{"rendered":"<p>Voici toutes les \u00e9tapes de construction de la cabane &#8220;La Ember\u00e1&#8221; avec son toit de palmes du Dari\u00e9n.<\/p>\n","protected":false},"author":1,"featured_media":1323,"comment_status":"open","ping_status":"open","sticky":false,"template":"","format":"standard","meta":{"_monsterinsights_skip_tracking":false,"_monsterinsights_sitenote_active":false,"_monsterinsights_sitenote_note":"","_monsterinsights_sitenote_category":0,"footnotes":""},"categories":[11],"tags":[28,107,110,106,111,115,116,53,108,117,109,19,65],"class_list":["post-1321","post","type-post","status-publish","format-standard","has-post-thumbnail","hentry","category-construire","tag-airbnb","tag-autoconstruction","tag-bedandbreakfast","tag-cabanas","tag-ecolodge","tag-embera","tag-fosse-septique","tag-hebergement-insolite","tag-insolite","tag-internet","tag-new-experience","tag-panama","tag-veraguas"],"yoast_head":"<!-- This site is optimized with the Yoast SEO plugin v27.5 - https:\/\/yoast.com\/product\/yoast-seo-wordpress\/ -->\n<title>Construction de la premi\u00e8re cabane insolite : La Ember\u00e1 - My cabanas comes true<\/title>\n<meta name=\"robots\" content=\"index, follow, max-snippet:-1, max-image-preview:large, max-video-preview:-1\" \/>\n<link rel=\"canonical\" href=\"https:\/\/mycabanascomestrue.com\/index.php\/2023\/05\/13\/construction-de-la-premiere-cabane-insolite-la-embera\/\" \/>\n<meta property=\"og:locale\" content=\"en_US\" \/>\n<meta property=\"og:type\" content=\"article\" \/>\n<meta property=\"og:title\" content=\"Construction de la premi\u00e8re cabane insolite : La Ember\u00e1 - My cabanas comes true\" \/>\n<meta property=\"og:description\" content=\"Voici toutes les \u00e9tapes de construction de la cabane &quot;La Ember\u00e1&quot; avec son toit de palmes du Dari\u00e9n.\" \/>\n<meta property=\"og:url\" content=\"https:\/\/mycabanascomestrue.com\/index.php\/2023\/05\/13\/construction-de-la-premiere-cabane-insolite-la-embera\/\" \/>\n<meta property=\"og:site_name\" content=\"My cabanas comes true\" \/>\n<meta property=\"article:publisher\" content=\"https:\/\/www.facebook.com\/mycabanascomestrue\/\" \/>\n<meta property=\"article:published_time\" content=\"2023-05-13T16:12:10+00:00\" \/>\n<meta property=\"article:modified_time\" content=\"2023-06-03T15:26:52+00:00\" \/>\n<meta property=\"og:image\" content=\"https:\/\/mycabanascomestrue.com\/wp-content\/uploads\/2023\/05\/20230419_095019-scaled.jpg\" \/>\n\t<meta property=\"og:image:width\" content=\"2560\" \/>\n\t<meta property=\"og:image:height\" content=\"1213\" \/>\n\t<meta property=\"og:image:type\" content=\"image\/jpeg\" \/>\n<meta name=\"author\" content=\"Elodie\" \/>\n<meta name=\"twitter:card\" content=\"summary_large_image\" \/>\n<meta name=\"twitter:label1\" content=\"Written by\" \/>\n\t<meta name=\"twitter:data1\" content=\"Elodie\" \/>\n\t<meta name=\"twitter:label2\" content=\"Est. reading time\" \/>\n\t<meta name=\"twitter:data2\" content=\"19 minutes\" \/>\n<script type=\"application\/ld+json\" class=\"yoast-schema-graph\">{\"@context\":\"https:\\\/\\\/schema.org\",\"@graph\":[{\"@type\":\"Article\",\"@id\":\"https:\\\/\\\/mycabanascomestrue.com\\\/index.php\\\/2023\\\/05\\\/13\\\/construction-de-la-premiere-cabane-insolite-la-embera\\\/#article\",\"isPartOf\":{\"@id\":\"https:\\\/\\\/mycabanascomestrue.com\\\/index.php\\\/2023\\\/05\\\/13\\\/construction-de-la-premiere-cabane-insolite-la-embera\\\/\"},\"author\":{\"name\":\"Elodie\",\"@id\":\"https:\\\/\\\/mycabanascomestrue.com\\\/#\\\/schema\\\/person\\\/ce41158267e2b1ba09c7152d02686124\"},\"headline\":\"Construction de la premi\u00e8re cabane insolite : La Ember\u00e1\",\"datePublished\":\"2023-05-13T16:12:10+00:00\",\"dateModified\":\"2023-06-03T15:26:52+00:00\",\"mainEntityOfPage\":{\"@id\":\"https:\\\/\\\/mycabanascomestrue.com\\\/index.php\\\/2023\\\/05\\\/13\\\/construction-de-la-premiere-cabane-insolite-la-embera\\\/\"},\"wordCount\":3864,\"commentCount\":0,\"image\":{\"@id\":\"https:\\\/\\\/mycabanascomestrue.com\\\/index.php\\\/2023\\\/05\\\/13\\\/construction-de-la-premiere-cabane-insolite-la-embera\\\/#primaryimage\"},\"thumbnailUrl\":\"https:\\\/\\\/mycabanascomestrue.com\\\/wp-content\\\/uploads\\\/2023\\\/05\\\/20230419_095019-scaled.jpg\",\"keywords\":[\"Airbnb\",\"autoconstruction\",\"bedandbreakfast\",\"caba\u00f1as\",\"ecolodge\",\"Ember\u00e1\",\"fosse septique\",\"h\u00e9bergement insolite\",\"insolite\",\"internet\",\"new experience\",\"Panama\",\"Veraguas\"],\"articleSection\":[\"La Construction\"],\"inLanguage\":\"en-US\",\"potentialAction\":[{\"@type\":\"CommentAction\",\"name\":\"Comment\",\"target\":[\"https:\\\/\\\/mycabanascomestrue.com\\\/index.php\\\/2023\\\/05\\\/13\\\/construction-de-la-premiere-cabane-insolite-la-embera\\\/#respond\"]}]},{\"@type\":\"WebPage\",\"@id\":\"https:\\\/\\\/mycabanascomestrue.com\\\/index.php\\\/2023\\\/05\\\/13\\\/construction-de-la-premiere-cabane-insolite-la-embera\\\/\",\"url\":\"https:\\\/\\\/mycabanascomestrue.com\\\/index.php\\\/2023\\\/05\\\/13\\\/construction-de-la-premiere-cabane-insolite-la-embera\\\/\",\"name\":\"Construction de la premi\u00e8re cabane insolite : La Ember\u00e1 - My cabanas comes true\",\"isPartOf\":{\"@id\":\"https:\\\/\\\/mycabanascomestrue.com\\\/#website\"},\"primaryImageOfPage\":{\"@id\":\"https:\\\/\\\/mycabanascomestrue.com\\\/index.php\\\/2023\\\/05\\\/13\\\/construction-de-la-premiere-cabane-insolite-la-embera\\\/#primaryimage\"},\"image\":{\"@id\":\"https:\\\/\\\/mycabanascomestrue.com\\\/index.php\\\/2023\\\/05\\\/13\\\/construction-de-la-premiere-cabane-insolite-la-embera\\\/#primaryimage\"},\"thumbnailUrl\":\"https:\\\/\\\/mycabanascomestrue.com\\\/wp-content\\\/uploads\\\/2023\\\/05\\\/20230419_095019-scaled.jpg\",\"datePublished\":\"2023-05-13T16:12:10+00:00\",\"dateModified\":\"2023-06-03T15:26:52+00:00\",\"author\":{\"@id\":\"https:\\\/\\\/mycabanascomestrue.com\\\/#\\\/schema\\\/person\\\/ce41158267e2b1ba09c7152d02686124\"},\"breadcrumb\":{\"@id\":\"https:\\\/\\\/mycabanascomestrue.com\\\/index.php\\\/2023\\\/05\\\/13\\\/construction-de-la-premiere-cabane-insolite-la-embera\\\/#breadcrumb\"},\"inLanguage\":\"en-US\",\"potentialAction\":[{\"@type\":\"ReadAction\",\"target\":[\"https:\\\/\\\/mycabanascomestrue.com\\\/index.php\\\/2023\\\/05\\\/13\\\/construction-de-la-premiere-cabane-insolite-la-embera\\\/\"]}]},{\"@type\":\"ImageObject\",\"inLanguage\":\"en-US\",\"@id\":\"https:\\\/\\\/mycabanascomestrue.com\\\/index.php\\\/2023\\\/05\\\/13\\\/construction-de-la-premiere-cabane-insolite-la-embera\\\/#primaryimage\",\"url\":\"https:\\\/\\\/mycabanascomestrue.com\\\/wp-content\\\/uploads\\\/2023\\\/05\\\/20230419_095019-scaled.jpg\",\"contentUrl\":\"https:\\\/\\\/mycabanascomestrue.com\\\/wp-content\\\/uploads\\\/2023\\\/05\\\/20230419_095019-scaled.jpg\",\"width\":2560,\"height\":1213},{\"@type\":\"BreadcrumbList\",\"@id\":\"https:\\\/\\\/mycabanascomestrue.com\\\/index.php\\\/2023\\\/05\\\/13\\\/construction-de-la-premiere-cabane-insolite-la-embera\\\/#breadcrumb\",\"itemListElement\":[{\"@type\":\"ListItem\",\"position\":1,\"name\":\"Home\",\"item\":\"https:\\\/\\\/mycabanascomestrue.com\\\/\"},{\"@type\":\"ListItem\",\"position\":2,\"name\":\"Construction de la premi\u00e8re cabane insolite : La Ember\u00e1\"}]},{\"@type\":\"WebSite\",\"@id\":\"https:\\\/\\\/mycabanascomestrue.com\\\/#website\",\"url\":\"https:\\\/\\\/mycabanascomestrue.com\\\/\",\"name\":\"My cabanas comes true\",\"description\":\"Blog\",\"potentialAction\":[{\"@type\":\"SearchAction\",\"target\":{\"@type\":\"EntryPoint\",\"urlTemplate\":\"https:\\\/\\\/mycabanascomestrue.com\\\/?s={search_term_string}\"},\"query-input\":{\"@type\":\"PropertyValueSpecification\",\"valueRequired\":true,\"valueName\":\"search_term_string\"}}],\"inLanguage\":\"en-US\"},{\"@type\":\"Person\",\"@id\":\"https:\\\/\\\/mycabanascomestrue.com\\\/#\\\/schema\\\/person\\\/ce41158267e2b1ba09c7152d02686124\",\"name\":\"Elodie\",\"image\":{\"@type\":\"ImageObject\",\"inLanguage\":\"en-US\",\"@id\":\"https:\\\/\\\/secure.gravatar.com\\\/avatar\\\/97cc290ffbd4b10514f5cd26ad9a30517e75e29881a9af7624c324ae9af73856?s=96&d=mm&r=g\",\"url\":\"https:\\\/\\\/secure.gravatar.com\\\/avatar\\\/97cc290ffbd4b10514f5cd26ad9a30517e75e29881a9af7624c324ae9af73856?s=96&d=mm&r=g\",\"contentUrl\":\"https:\\\/\\\/secure.gravatar.com\\\/avatar\\\/97cc290ffbd4b10514f5cd26ad9a30517e75e29881a9af7624c324ae9af73856?s=96&d=mm&r=g\",\"caption\":\"Elodie\"},\"sameAs\":[\"https:\\\/\\\/mycabanascomestrue.com\"],\"url\":\"https:\\\/\\\/mycabanascomestrue.com\\\/index.php\\\/author\\\/admin-mcct\\\/\"}]}<\/script>\n<!-- \/ Yoast SEO plugin. -->","yoast_head_json":{"title":"Construction de la premi\u00e8re cabane insolite : La Ember\u00e1 - My cabanas comes true","robots":{"index":"index","follow":"follow","max-snippet":"max-snippet:-1","max-image-preview":"max-image-preview:large","max-video-preview":"max-video-preview:-1"},"canonical":"https:\/\/mycabanascomestrue.com\/index.php\/2023\/05\/13\/construction-de-la-premiere-cabane-insolite-la-embera\/","og_locale":"en_US","og_type":"article","og_title":"Construction de la premi\u00e8re cabane insolite : La Ember\u00e1 - My cabanas comes true","og_description":"Voici toutes les \u00e9tapes de construction de la cabane \"La Ember\u00e1\" avec son toit de palmes du Dari\u00e9n.","og_url":"https:\/\/mycabanascomestrue.com\/index.php\/2023\/05\/13\/construction-de-la-premiere-cabane-insolite-la-embera\/","og_site_name":"My cabanas comes true","article_publisher":"https:\/\/www.facebook.com\/mycabanascomestrue\/","article_published_time":"2023-05-13T16:12:10+00:00","article_modified_time":"2023-06-03T15:26:52+00:00","og_image":[{"width":2560,"height":1213,"url":"https:\/\/mycabanascomestrue.com\/wp-content\/uploads\/2023\/05\/20230419_095019-scaled.jpg","type":"image\/jpeg"}],"author":"Elodie","twitter_card":"summary_large_image","twitter_misc":{"Written by":"Elodie","Est. reading time":"19 minutes"},"schema":{"@context":"https:\/\/schema.org","@graph":[{"@type":"Article","@id":"https:\/\/mycabanascomestrue.com\/index.php\/2023\/05\/13\/construction-de-la-premiere-cabane-insolite-la-embera\/#article","isPartOf":{"@id":"https:\/\/mycabanascomestrue.com\/index.php\/2023\/05\/13\/construction-de-la-premiere-cabane-insolite-la-embera\/"},"author":{"name":"Elodie","@id":"https:\/\/mycabanascomestrue.com\/#\/schema\/person\/ce41158267e2b1ba09c7152d02686124"},"headline":"Construction de la premi\u00e8re cabane insolite : La Ember\u00e1","datePublished":"2023-05-13T16:12:10+00:00","dateModified":"2023-06-03T15:26:52+00:00","mainEntityOfPage":{"@id":"https:\/\/mycabanascomestrue.com\/index.php\/2023\/05\/13\/construction-de-la-premiere-cabane-insolite-la-embera\/"},"wordCount":3864,"commentCount":0,"image":{"@id":"https:\/\/mycabanascomestrue.com\/index.php\/2023\/05\/13\/construction-de-la-premiere-cabane-insolite-la-embera\/#primaryimage"},"thumbnailUrl":"https:\/\/mycabanascomestrue.com\/wp-content\/uploads\/2023\/05\/20230419_095019-scaled.jpg","keywords":["Airbnb","autoconstruction","bedandbreakfast","caba\u00f1as","ecolodge","Ember\u00e1","fosse septique","h\u00e9bergement insolite","insolite","internet","new experience","Panama","Veraguas"],"articleSection":["La Construction"],"inLanguage":"en-US","potentialAction":[{"@type":"CommentAction","name":"Comment","target":["https:\/\/mycabanascomestrue.com\/index.php\/2023\/05\/13\/construction-de-la-premiere-cabane-insolite-la-embera\/#respond"]}]},{"@type":"WebPage","@id":"https:\/\/mycabanascomestrue.com\/index.php\/2023\/05\/13\/construction-de-la-premiere-cabane-insolite-la-embera\/","url":"https:\/\/mycabanascomestrue.com\/index.php\/2023\/05\/13\/construction-de-la-premiere-cabane-insolite-la-embera\/","name":"Construction de la premi\u00e8re cabane insolite : La Ember\u00e1 - My cabanas comes true","isPartOf":{"@id":"https:\/\/mycabanascomestrue.com\/#website"},"primaryImageOfPage":{"@id":"https:\/\/mycabanascomestrue.com\/index.php\/2023\/05\/13\/construction-de-la-premiere-cabane-insolite-la-embera\/#primaryimage"},"image":{"@id":"https:\/\/mycabanascomestrue.com\/index.php\/2023\/05\/13\/construction-de-la-premiere-cabane-insolite-la-embera\/#primaryimage"},"thumbnailUrl":"https:\/\/mycabanascomestrue.com\/wp-content\/uploads\/2023\/05\/20230419_095019-scaled.jpg","datePublished":"2023-05-13T16:12:10+00:00","dateModified":"2023-06-03T15:26:52+00:00","author":{"@id":"https:\/\/mycabanascomestrue.com\/#\/schema\/person\/ce41158267e2b1ba09c7152d02686124"},"breadcrumb":{"@id":"https:\/\/mycabanascomestrue.com\/index.php\/2023\/05\/13\/construction-de-la-premiere-cabane-insolite-la-embera\/#breadcrumb"},"inLanguage":"en-US","potentialAction":[{"@type":"ReadAction","target":["https:\/\/mycabanascomestrue.com\/index.php\/2023\/05\/13\/construction-de-la-premiere-cabane-insolite-la-embera\/"]}]},{"@type":"ImageObject","inLanguage":"en-US","@id":"https:\/\/mycabanascomestrue.com\/index.php\/2023\/05\/13\/construction-de-la-premiere-cabane-insolite-la-embera\/#primaryimage","url":"https:\/\/mycabanascomestrue.com\/wp-content\/uploads\/2023\/05\/20230419_095019-scaled.jpg","contentUrl":"https:\/\/mycabanascomestrue.com\/wp-content\/uploads\/2023\/05\/20230419_095019-scaled.jpg","width":2560,"height":1213},{"@type":"BreadcrumbList","@id":"https:\/\/mycabanascomestrue.com\/index.php\/2023\/05\/13\/construction-de-la-premiere-cabane-insolite-la-embera\/#breadcrumb","itemListElement":[{"@type":"ListItem","position":1,"name":"Home","item":"https:\/\/mycabanascomestrue.com\/"},{"@type":"ListItem","position":2,"name":"Construction de la premi\u00e8re cabane insolite : La Ember\u00e1"}]},{"@type":"WebSite","@id":"https:\/\/mycabanascomestrue.com\/#website","url":"https:\/\/mycabanascomestrue.com\/","name":"My cabanas comes true","description":"Blog","potentialAction":[{"@type":"SearchAction","target":{"@type":"EntryPoint","urlTemplate":"https:\/\/mycabanascomestrue.com\/?s={search_term_string}"},"query-input":{"@type":"PropertyValueSpecification","valueRequired":true,"valueName":"search_term_string"}}],"inLanguage":"en-US"},{"@type":"Person","@id":"https:\/\/mycabanascomestrue.com\/#\/schema\/person\/ce41158267e2b1ba09c7152d02686124","name":"Elodie","image":{"@type":"ImageObject","inLanguage":"en-US","@id":"https:\/\/secure.gravatar.com\/avatar\/97cc290ffbd4b10514f5cd26ad9a30517e75e29881a9af7624c324ae9af73856?s=96&d=mm&r=g","url":"https:\/\/secure.gravatar.com\/avatar\/97cc290ffbd4b10514f5cd26ad9a30517e75e29881a9af7624c324ae9af73856?s=96&d=mm&r=g","contentUrl":"https:\/\/secure.gravatar.com\/avatar\/97cc290ffbd4b10514f5cd26ad9a30517e75e29881a9af7624c324ae9af73856?s=96&d=mm&r=g","caption":"Elodie"},"sameAs":["https:\/\/mycabanascomestrue.com"],"url":"https:\/\/mycabanascomestrue.com\/index.php\/author\/admin-mcct\/"}]}},"_links":{"self":[{"href":"https:\/\/mycabanascomestrue.com\/index.php\/wp-json\/wp\/v2\/posts\/1321","targetHints":{"allow":["GET"]}}],"collection":[{"href":"https:\/\/mycabanascomestrue.com\/index.php\/wp-json\/wp\/v2\/posts"}],"about":[{"href":"https:\/\/mycabanascomestrue.com\/index.php\/wp-json\/wp\/v2\/types\/post"}],"author":[{"embeddable":true,"href":"https:\/\/mycabanascomestrue.com\/index.php\/wp-json\/wp\/v2\/users\/1"}],"replies":[{"embeddable":true,"href":"https:\/\/mycabanascomestrue.com\/index.php\/wp-json\/wp\/v2\/comments?post=1321"}],"version-history":[{"count":42,"href":"https:\/\/mycabanascomestrue.com\/index.php\/wp-json\/wp\/v2\/posts\/1321\/revisions"}],"predecessor-version":[{"id":1480,"href":"https:\/\/mycabanascomestrue.com\/index.php\/wp-json\/wp\/v2\/posts\/1321\/revisions\/1480"}],"wp:featuredmedia":[{"embeddable":true,"href":"https:\/\/mycabanascomestrue.com\/index.php\/wp-json\/wp\/v2\/media\/1323"}],"wp:attachment":[{"href":"https:\/\/mycabanascomestrue.com\/index.php\/wp-json\/wp\/v2\/media?parent=1321"}],"wp:term":[{"taxonomy":"category","embeddable":true,"href":"https:\/\/mycabanascomestrue.com\/index.php\/wp-json\/wp\/v2\/categories?post=1321"},{"taxonomy":"post_tag","embeddable":true,"href":"https:\/\/mycabanascomestrue.com\/index.php\/wp-json\/wp\/v2\/tags?post=1321"}],"curies":[{"name":"wp","href":"https:\/\/api.w.org\/{rel}","templated":true}]}}